{"id":54186,"date":"2020-04-15T11:39:53","date_gmt":"2020-04-15T14:39:53","guid":{"rendered":"http:\/\/blogdoedvaldomagalhaes.com.br\/?p=54186"},"modified":"2020-04-15T12:17:58","modified_gmt":"2020-04-15T15:17:58","slug":"covid-19-confira-o-boletim-do-hospital-mestre-vitalino-nesta-quarta-15","status":"publish","type":"post","link":"https:\/\/blogdoedvaldomagalhaes.com.br\/index.php\/2020\/04\/15\/covid-19-confira-o-boletim-do-hospital-mestre-vitalino-nesta-quarta-15\/","title":{"rendered":"Covid-19: Confira o boletim do Hospital Mestre Vitalino nesta quarta (15)"},"content":{"rendered":"<p>BOLETIM HOSPITAL MESTRE VITALINO &#8211; 15\/04\/2020<\/p>\n<p>O Hospital Mestre Vitalino atendeu at\u00e9 o momento *16 (dezesseis)* pacientes com casos confirmados de infec\u00e7\u00e3o pelo novo coronav\u00edrus (Covid-19).<\/p>\n<p>\u2022 *03 (tr\u00eas)* foram transferidos para uma unidade de sa\u00fade privada em Recife;<\/p>\n<p>\u2022 *05 (cinco)* receberam alta para isolamento domiciliar;<\/p>\n<p>\u2022 *06 (seis)* deles est\u00e3o internados na Cl\u00ednica de Isolamento do HMV, sendo das cidades de Arcoverde (59 anos), Caruaru (64 anos), Olinda (42 anos) e Vit\u00f3ria (74 anos), Jo\u00e3o Alfredo (52 anos) e S\u00e3o Bento do Una (44 anos);<\/p>\n<p>\u2022 *02 (dois)* deles est\u00e3o internados na Unidade de Terapia Intensiva do HMV, sendo das cidades de Jo\u00e3o Alfredo (44 anos) e S\u00e3o Louren\u00e7o da Mata (58 anos).<\/p>\n","protected":false},"excerpt":{"rendered":"<p>BOLETIM HOSPITAL MESTRE VITALINO &#8211; 15\/04\/2020 O Hospital Mestre Vitalino atendeu at\u00e9 o momento *16 (dezesseis)* pacientes com casos confirmados&hellip;<\/p>\n","protected":false},"author":1,"featured_media":54188,"comment_status":"open","ping_status":"open","sticky":false,"template":"","format":"standard","meta":{"footnotes":""},"categories":[14120],"tags":[16881,17826],"class_list":["post-54186","post","type-post","status-publish","format-standard","has-post-thumbnail","hentry","category-noticias","tag-caruaru-e-regiao","tag-covid-19-confira-o-boletim-do-hospital-mestre-vitalino-nesta-quarta-15"],"_links":{"self":[{"href":"https:\/\/blogdoedvaldomagalhaes.com.br\/index.php\/wp-json\/wp\/v2\/posts\/54186","targetHints":{"allow":["GET"]}}],"collection":[{"href":"https:\/\/blogdoedvaldomagalhaes.com.br\/index.php\/wp-json\/wp\/v2\/posts"}],"about":[{"href":"https:\/\/blogdoedvaldomagalhaes.com.br\/index.php\/wp-json\/wp\/v2\/types\/post"}],"author":[{"embeddable":true,"href":"https:\/\/blogdoedvaldomagalhaes.com.br\/index.php\/wp-json\/wp\/v2\/users\/1"}],"replies":[{"embeddable":true,"href":"https:\/\/blogdoedvaldomagalhaes.com.br\/index.php\/wp-json\/wp\/v2\/comments?post=54186"}],"version-history":[{"count":1,"href":"https:\/\/blogdoedvaldomagalhaes.com.br\/index.php\/wp-json\/wp\/v2\/posts\/54186\/revisions"}],"predecessor-version":[{"id":54187,"href":"https:\/\/blogdoedvaldomagalhaes.com.br\/index.php\/wp-json\/wp\/v2\/posts\/54186\/revisions\/54187"}],"wp:featuredmedia":[{"embeddable":true,"href":"https:\/\/blogdoedvaldomagalhaes.com.br\/index.php\/wp-json\/wp\/v2\/media\/54188"}],"wp:attachment":[{"href":"https:\/\/blogdoedvaldomagalhaes.com.br\/index.php\/wp-json\/wp\/v2\/media?parent=54186"}],"wp:term":[{"taxonomy":"category","embeddable":true,"href":"https:\/\/blogdoedvaldomagalhaes.com.br\/index.php\/wp-json\/wp\/v2\/categories?post=54186"},{"taxonomy":"post_tag","embeddable":true,"href":"https:\/\/blogdoedvaldomagalhaes.com.br\/index.php\/wp-json\/wp\/v2\/tags?post=54186"}],"curies":[{"name":"wp","href":"https:\/\/api.w.org\/{rel}","templated":true}]}}