{"id":54167,"date":"2020-04-14T17:54:52","date_gmt":"2020-04-14T20:54:52","guid":{"rendered":"http:\/\/blogdoedvaldomagalhaes.com.br\/?p=54167"},"modified":"2020-04-14T17:54:57","modified_gmt":"2020-04-14T20:54:57","slug":"psd-de-caruaru-envia-oficio-com-15-pontos-de-sugestoes-a-prefeitura-sobre-crise-do-covid-19","status":"publish","type":"post","link":"https:\/\/blogdoedvaldomagalhaes.com.br\/index.php\/2020\/04\/14\/psd-de-caruaru-envia-oficio-com-15-pontos-de-sugestoes-a-prefeitura-sobre-crise-do-covid-19\/","title":{"rendered":"PSD de Caruaru envia Of\u00edcio com 15 pontos de sugest\u00f5es a prefeitura sobre crise do Covid-19"},"content":{"rendered":"<p style=\"text-align: justify;\"><span style=\"font-size: inherit;\">Na tarde desta ter\u00e7a-feira (14), o Partido Social Democr\u00e1tico (PSD), de Caruaru, enviou um of\u00edcio com 15 sugest\u00f5es para o Poder Executivo Municipal sobre o combate do Coronav\u00edrus.<\/span><\/p>\n<p style=\"text-align: justify;\">De acordo com presidente municipal da legenda, Raffi\u00ea Dellon, o momento \u00e9 de unir for\u00e7as para o combate dessa pandemia. \u201cEnviamos atrav\u00e9s do e-mail institucional da Prefeitura de Caruaru, 15 pontos de sugest\u00f5es para medidas que podem ser adotadas pelo Poder Executivo no combate ao Coronav\u00edrus. O momento \u00e9 de unir for\u00e7as no combate desta pandemia que mudou a vida de todos os caruaruenses.\u201d, afirmou.<\/p>\n<p style=\"text-align: justify;\">Confira os 15 pontos presente no of\u00edcio enviado a Prefeitura de Caruaru:<\/p>\n<p style=\"text-align: justify;\">&#8211; Que a Prefeitura utilize o terreno da \u00e1rea do campo de futebol do Col\u00e9gio Municipal \u00c1lvaro Lins para criar um Hospital de Campanha;<\/p>\n<p style=\"text-align: justify;\">&#8211; Que a barreiras sanit\u00e1rias sejam refor\u00e7adas com entrega de \u00e1lcool gel e m\u00e1scaras gratuitamente \u00e0 popula\u00e7\u00e3o;<\/p>\n<p style=\"text-align: justify;\">&#8211; Que seja reduzido em 50% os sal\u00e1rios de todos os membros do primeiro e segundo escal\u00f5es do Poder Executivo;<\/p>\n<p style=\"text-align: justify;\">&#8211; Que seja criado o Fundo de Amparo ao Feirante e ao Ambulante, com ajuda financeira aos feirantes e ambulantes que n\u00e3o est\u00e3o obtendo renda;<\/p>\n<p style=\"text-align: justify;\">&#8211; Que o Poder Executivo solicite apoio ao Ex\u00e9rcito em sua base em Caruaru para apoio log\u00edstico;<\/p>\n<p style=\"text-align: justify;\">&#8211; Que seja estipulado uma data de previs\u00e3o m\u00e9dia para a retomada do com\u00e9rcio (podendo ser alterada de acordo com o andamento do Covid 19);<\/p>\n<p style=\"text-align: justify;\">&#8211; Que a Edi\u00e7\u00e3o do S\u00e3o Jo\u00e3o 2020 seja adiada para outra data a ser divulgada ap\u00f3s a diminui\u00e7\u00e3o da crescente do pico;<\/p>\n<p style=\"text-align: justify;\">&#8211; Que os recursos que ainda restam ser gastos do Empr\u00e9stimo do Finisa sejam redirecionados a a\u00e7\u00f5es que beneficiem diretamente os atingidos e mais vulner\u00e1veis do Covid 19;<\/p>\n<p style=\"text-align: justify;\">&#8211; Que seja criado um canal virtual para atendimento de ajuda psicol\u00f3gica a quem procurar com efeitos cl\u00ednicos em rela\u00e7\u00e3o ao Covid 19;<\/p>\n<p style=\"text-align: justify;\">&#8211; Que seja criado um Comit\u00ea Espec\u00edfico e voltado para a assist\u00eancia aos moradores de rua e as fam\u00edlias dos alunos da rede p\u00fablica municipal;<\/p>\n<p style=\"text-align: justify;\">&#8211; Distribui\u00e7\u00e3o de EPI\u2019s em todas as Unidades de Sa\u00fade do Munic\u00edpio, al\u00e9m dos profissionais de Sa\u00fade, Vigilantes, DESTRA, Limpeza P\u00fablica e Profissionais dos Servi\u00e7os Gerais;<\/p>\n<p style=\"text-align: justify;\">&#8211; Descentraliza\u00e7\u00e3o da aplica\u00e7\u00e3o da vacina da Gripe.<\/p>\n<p style=\"text-align: justify;\">&#8211; Cria\u00e7\u00e3o do Fundo Municipal de Emerg\u00eancia em prol dos Artistas da Cidade;<\/p>\n<p style=\"text-align: justify;\">&#8211; Adiamento do pagamento do IPTU 2020.<\/p>\n<p style=\"text-align: justify;\">&#8211; Cria\u00e7\u00e3o do \u201cSuper Refis\u201d, que inclua perd\u00e3o de d\u00e9bitos em especial taxas dos feirantes, e parcelamentos diferenciados para segmentos de ISS.<\/p>\n","protected":false},"excerpt":{"rendered":"<p>Na tarde desta ter\u00e7a-feira (14), o Partido Social Democr\u00e1tico (PSD), de Caruaru, enviou um of\u00edcio com 15 sugest\u00f5es para o&hellip;<\/p>\n","protected":false},"author":1,"featured_media":54168,"comment_status":"open","ping_status":"open","sticky":false,"template":"","format":"standard","meta":{"footnotes":""},"categories":[14122],"tags":[2,16881,17822],"class_list":["post-54167","post","type-post","status-publish","format-standard","has-post-thumbnail","hentry","category-politica","tag-blog-do-edvaldo-magalhaes","tag-caruaru-e-regiao","tag-psd-de-caruaru-envia-oficio-com-15-pontos-de-sugestoes-a-prefeitura-sobre-crise-do-covid-19"],"_links":{"self":[{"href":"https:\/\/blogdoedvaldomagalhaes.com.br\/index.php\/wp-json\/wp\/v2\/posts\/54167","targetHints":{"allow":["GET"]}}],"collection":[{"href":"https:\/\/blogdoedvaldomagalhaes.com.br\/index.php\/wp-json\/wp\/v2\/posts"}],"about":[{"href":"https:\/\/blogdoedvaldomagalhaes.com.br\/index.php\/wp-json\/wp\/v2\/types\/post"}],"author":[{"embeddable":true,"href":"https:\/\/blogdoedvaldomagalhaes.com.br\/index.php\/wp-json\/wp\/v2\/users\/1"}],"replies":[{"embeddable":true,"href":"https:\/\/blogdoedvaldomagalhaes.com.br\/index.php\/wp-json\/wp\/v2\/comments?post=54167"}],"version-history":[{"count":1,"href":"https:\/\/blogdoedvaldomagalhaes.com.br\/index.php\/wp-json\/wp\/v2\/posts\/54167\/revisions"}],"predecessor-version":[{"id":54169,"href":"https:\/\/blogdoedvaldomagalhaes.com.br\/index.php\/wp-json\/wp\/v2\/posts\/54167\/revisions\/54169"}],"wp:featuredmedia":[{"embeddable":true,"href":"https:\/\/blogdoedvaldomagalhaes.com.br\/index.php\/wp-json\/wp\/v2\/media\/54168"}],"wp:attachment":[{"href":"https:\/\/blogdoedvaldomagalhaes.com.br\/index.php\/wp-json\/wp\/v2\/media?parent=54167"}],"wp:term":[{"taxonomy":"category","embeddable":true,"href":"https:\/\/blogdoedvaldomagalhaes.com.br\/index.php\/wp-json\/wp\/v2\/categories?post=54167"},{"taxonomy":"post_tag","embeddable":true,"href":"https:\/\/blogdoedvaldomagalhaes.com.br\/index.php\/wp-json\/wp\/v2\/tags?post=54167"}],"curies":[{"name":"wp","href":"https:\/\/api.w.org\/{rel}","templated":true}]}}