{"id":54162,"date":"2020-04-14T14:38:32","date_gmt":"2020-04-14T17:38:32","guid":{"rendered":"http:\/\/blogdoedvaldomagalhaes.com.br\/?p=54162"},"modified":"2020-04-14T19:53:05","modified_gmt":"2020-04-14T22:53:05","slug":"secretaria-de-saude-pe-divulga-mais-13-obitos-e-130-novos-casos-de-covid-19-e-11-recuperados","status":"publish","type":"post","link":"https:\/\/blogdoedvaldomagalhaes.com.br\/index.php\/2020\/04\/14\/secretaria-de-saude-pe-divulga-mais-13-obitos-e-130-novos-casos-de-covid-19-e-11-recuperados\/","title":{"rendered":"Secretaria de Sa\u00fade-PE divulga mais 13 \u00f3bitos e 130 novos casos de Covid-19 e 11 recuperados"},"content":{"rendered":"<p style=\"text-align: justify;\">A Secretaria Estadual de Sa\u00fade de Pernambuco (SES-PE) divulgou, nesta ter\u00e7a-feira (14\/04), mais 130 casos de Covid-19, somando 1.284 confirma\u00e7\u00f5es no Estado. Deste total, 773 est\u00e3o em isolamento domiciliar e 328 est\u00e3o internados, sendo 265 em leitos de enfermaria e 69 em UTI. Al\u00e9m disso, 68 j\u00e1 est\u00e3o recuperados.<br>\n\u2800\u2800\u2800<br>\nTamb\u00e9m foi anunciada a confirma\u00e7\u00e3o laboratorial de mais 13 \u00f3bitos, sendo 10 mulheres e 3 homens, com idades entre 45 e 95 anos. Os pacientes faleceram entre os dias 3 e 13 de abril. No total, Pernambuco soma 115 mortes pelo Novo Coronav\u00edrus.<br>\n\u2800\u2800\u2800<br>\nOs casos confirmados s\u00e3o do Recife (733), Olinda (102), Jaboat\u00e3o dos Guararapes (94), Paulista (75), Camaragibe (45), S\u00e3o Louren\u00e7o da Mata (43), Fernando de Noronha (24), Cabo de Santo Agostinho (19), Abreu e Lima (15), Cachoeirinha (8), Caruaru (7), Paudalho (7), Vit\u00f3ria de Santo Ant\u00e3o (7), Salgueiro (6), Petrolina (6), Ipojuca (5), Goiana (5), Igarassu (5), Moreno (5), Palmares (4), Arcoverde (4), Jo\u00e3o Alfredo (3), Alian\u00e7a (3), Limoeiro (3), Carpina (2), Lagoa do Carro (2), Catende (2), Belo Jardim (2), Garanhuns (2), Ipubi (2), Ara\u00e7oiaba (2), Itapissuma (2), Pombos (2), Bom Jardim (2), Machados (2), Serra Talhada (2), Itamarac\u00e1 (2), Passira (1), Macaparana (1), Timba\u00faba (1), Tracunha\u00e9m (1), Gameleira (1), Quipap\u00e1 (1), Frei Miguelino (1), Santa Cruz do Capibaribe (1), S\u00e3o Bento do Una (1), S\u00e3o Caetano (1), Toritama (1), Ch\u00e3 Grande (1), Bom Conselho (1), Capoeiras (1), Sert\u00e2nia (1), S\u00e3o Jos\u00e9 da Coroa Grande (1), Gl\u00f3ria do Goit\u00e1 (1), Lagoa dos Gatos (1), Bezerros (1), Gravat\u00e1 (1), Ch\u00e3 de Alegria (1), Carna\u00edba (1), al\u00e9m de casos de outros Estados (5) e outros pa\u00edses (3).<\/p>\n\n\n<figure class=\"wp-block-image size-large\"><img loading=\"lazy\" decoding=\"async\" width=\"1024\" height=\"819\" src=\"http:\/\/blogdoedvaldomagalhaes.com.br\/wp-content\/uploads\/2020\/04\/FB_IMG_1586905017184-1024x819.jpg\" alt=\"\" class=\"wp-image-54171\" srcset=\"https:\/\/blogdoedvaldomagalhaes.com.br\/wp-content\/uploads\/2020\/04\/FB_IMG_1586905017184-1024x819.jpg 1024w, https:\/\/blogdoedvaldomagalhaes.com.br\/wp-content\/uploads\/2020\/04\/FB_IMG_1586905017184-300x240.jpg 300w, https:\/\/blogdoedvaldomagalhaes.com.br\/wp-content\/uploads\/2020\/04\/FB_IMG_1586905017184-768x614.jpg 768w, https:\/\/blogdoedvaldomagalhaes.com.br\/wp-content\/uploads\/2020\/04\/FB_IMG_1586905017184.jpg 1080w\" sizes=\"auto, (max-width: 1024px) 100vw, 1024px\" \/><\/figure>\n","protected":false},"excerpt":{"rendered":"<p>A Secretaria Estadual de Sa\u00fade de Pernambuco (SES-PE) divulgou, nesta ter\u00e7a-feira (14\/04), mais 130 casos de Covid-19, somando 1.284 confirma\u00e7\u00f5es&hellip;<\/p>\n","protected":false},"author":1,"featured_media":54163,"comment_status":"open","ping_status":"open","sticky":false,"template":"","format":"standard","meta":{"footnotes":""},"categories":[14120],"tags":[2,16881,17821],"class_list":["post-54162","post","type-post","status-publish","format-standard","has-post-thumbnail","hentry","category-noticias","tag-blog-do-edvaldo-magalhaes","tag-caruaru-e-regiao","tag-secretaria-de-saude-pe-divulga-mais-13-obitos-e-130-novos-casos-de-covid-19-e-11-recuperados"],"_links":{"self":[{"href":"https:\/\/blogdoedvaldomagalhaes.com.br\/index.php\/wp-json\/wp\/v2\/posts\/54162","targetHints":{"allow":["GET"]}}],"collection":[{"href":"https:\/\/blogdoedvaldomagalhaes.com.br\/index.php\/wp-json\/wp\/v2\/posts"}],"about":[{"href":"https:\/\/blogdoedvaldomagalhaes.com.br\/index.php\/wp-json\/wp\/v2\/types\/post"}],"author":[{"embeddable":true,"href":"https:\/\/blogdoedvaldomagalhaes.com.br\/index.php\/wp-json\/wp\/v2\/users\/1"}],"replies":[{"embeddable":true,"href":"https:\/\/blogdoedvaldomagalhaes.com.br\/index.php\/wp-json\/wp\/v2\/comments?post=54162"}],"version-history":[{"count":3,"href":"https:\/\/blogdoedvaldomagalhaes.com.br\/index.php\/wp-json\/wp\/v2\/posts\/54162\/revisions"}],"predecessor-version":[{"id":54172,"href":"https:\/\/blogdoedvaldomagalhaes.com.br\/index.php\/wp-json\/wp\/v2\/posts\/54162\/revisions\/54172"}],"wp:featuredmedia":[{"embeddable":true,"href":"https:\/\/blogdoedvaldomagalhaes.com.br\/index.php\/wp-json\/wp\/v2\/media\/54163"}],"wp:attachment":[{"href":"https:\/\/blogdoedvaldomagalhaes.com.br\/index.php\/wp-json\/wp\/v2\/media?parent=54162"}],"wp:term":[{"taxonomy":"category","embeddable":true,"href":"https:\/\/blogdoedvaldomagalhaes.com.br\/index.php\/wp-json\/wp\/v2\/categories?post=54162"},{"taxonomy":"post_tag","embeddable":true,"href":"https:\/\/blogdoedvaldomagalhaes.com.br\/index.php\/wp-json\/wp\/v2\/tags?post=54162"}],"curies":[{"name":"wp","href":"https:\/\/api.w.org\/{rel}","templated":true}]}}