{"id":54151,"date":"2020-04-14T10:02:17","date_gmt":"2020-04-14T13:02:17","guid":{"rendered":"http:\/\/blogdoedvaldomagalhaes.com.br\/?p=54151"},"modified":"2020-04-14T11:06:59","modified_gmt":"2020-04-14T14:06:59","slug":"assassinado-em-caruaru-um-comerciante-e-pre-candidato-a-vereador-em-agrestina-pe","status":"publish","type":"post","link":"https:\/\/blogdoedvaldomagalhaes.com.br\/index.php\/2020\/04\/14\/assassinado-em-caruaru-um-comerciante-e-pre-candidato-a-vereador-em-agrestina-pe\/","title":{"rendered":"Assassinado em Caruaru, um comerciante e pr\u00e9-candidato a vereador em Agrestina-PE"},"content":{"rendered":"<p style=\"text-align: justify;\">Assassinado na manh\u00e3 desta ter\u00e7a-feira (14), em frente a Casa de Cultura Jos\u00e9 Cond\u00e9, no Parque 18 de Maio, em Caruaru, o comerciante e pr\u00e9-candidato a vereador em Agrestina-PE, Uadisson Ferreira de Andrade, 25 anos de idade. Segundo informa\u00e7\u00f5es, a v\u00edtima j\u00e1 havia sofrido uma tentativa de homicidio h\u00e1 um ano. A pol\u00edcia informou que, quando Uadisson Ferreira estava no local do crime, quando dois indiv\u00edduos, em uma motocicleta, chegaram e atiraram.<\/p>\n<p style=\"text-align: justify;\">Este foi o 6\u00b0 homic\u00eddio no m\u00eas de abril, e o 41\u00b0 no ano de 2020, em Caruaru.<\/p>\n\n\n<figure class=\"wp-block-image size-large\"><img loading=\"lazy\" decoding=\"async\" width=\"960\" height=\"638\" src=\"http:\/\/blogdoedvaldomagalhaes.com.br\/wp-content\/uploads\/2020\/04\/IMG-20200414-WA0082.jpg\" alt=\"\" class=\"wp-image-54156\" srcset=\"https:\/\/blogdoedvaldomagalhaes.com.br\/wp-content\/uploads\/2020\/04\/IMG-20200414-WA0082.jpg 960w, https:\/\/blogdoedvaldomagalhaes.com.br\/wp-content\/uploads\/2020\/04\/IMG-20200414-WA0082-300x199.jpg 300w, https:\/\/blogdoedvaldomagalhaes.com.br\/wp-content\/uploads\/2020\/04\/IMG-20200414-WA0082-768x510.jpg 768w\" sizes=\"auto, (max-width: 960px) 100vw, 960px\" \/><figcaption>Uadisson Ferreira<\/figcaption><\/figure>\n","protected":false},"excerpt":{"rendered":"<p>Assassinado na manh\u00e3 desta ter\u00e7a-feira (14), em frente a Casa de Cultura Jos\u00e9 Cond\u00e9, no Parque 18 de Maio, em&hellip;<\/p>\n","protected":false},"author":1,"featured_media":54152,"comment_status":"open","ping_status":"open","sticky":false,"template":"","format":"standard","meta":{"footnotes":""},"categories":[14121],"tags":[17818,2,16881,17819],"class_list":["post-54151","post","type-post","status-publish","format-standard","has-post-thumbnail","hentry","category-policial","tag-assassinado-em-caruaru","tag-blog-do-edvaldo-magalhaes","tag-caruaru-e-regiao","tag-um-comerciante-e-pre-candidato-a-vereador-em-agrestina-pe"],"_links":{"self":[{"href":"https:\/\/blogdoedvaldomagalhaes.com.br\/index.php\/wp-json\/wp\/v2\/posts\/54151","targetHints":{"allow":["GET"]}}],"collection":[{"href":"https:\/\/blogdoedvaldomagalhaes.com.br\/index.php\/wp-json\/wp\/v2\/posts"}],"about":[{"href":"https:\/\/blogdoedvaldomagalhaes.com.br\/index.php\/wp-json\/wp\/v2\/types\/post"}],"author":[{"embeddable":true,"href":"https:\/\/blogdoedvaldomagalhaes.com.br\/index.php\/wp-json\/wp\/v2\/users\/1"}],"replies":[{"embeddable":true,"href":"https:\/\/blogdoedvaldomagalhaes.com.br\/index.php\/wp-json\/wp\/v2\/comments?post=54151"}],"version-history":[{"count":4,"href":"https:\/\/blogdoedvaldomagalhaes.com.br\/index.php\/wp-json\/wp\/v2\/posts\/54151\/revisions"}],"predecessor-version":[{"id":54158,"href":"https:\/\/blogdoedvaldomagalhaes.com.br\/index.php\/wp-json\/wp\/v2\/posts\/54151\/revisions\/54158"}],"wp:featuredmedia":[{"embeddable":true,"href":"https:\/\/blogdoedvaldomagalhaes.com.br\/index.php\/wp-json\/wp\/v2\/media\/54152"}],"wp:attachment":[{"href":"https:\/\/blogdoedvaldomagalhaes.com.br\/index.php\/wp-json\/wp\/v2\/media?parent=54151"}],"wp:term":[{"taxonomy":"category","embeddable":true,"href":"https:\/\/blogdoedvaldomagalhaes.com.br\/index.php\/wp-json\/wp\/v2\/categories?post=54151"},{"taxonomy":"post_tag","embeddable":true,"href":"https:\/\/blogdoedvaldomagalhaes.com.br\/index.php\/wp-json\/wp\/v2\/tags?post=54151"}],"curies":[{"name":"wp","href":"https:\/\/api.w.org\/{rel}","templated":true}]}}