{"id":54148,"date":"2020-04-13T23:11:17","date_gmt":"2020-04-14T02:11:17","guid":{"rendered":"http:\/\/blogdoedvaldomagalhaes.com.br\/?p=54148"},"modified":"2020-04-13T23:11:18","modified_gmt":"2020-04-14T02:11:18","slug":"alunos-da-rede-estadual-pe-ja-podem-consultar-lista-do-cartao-alimentacao-de-r-50","status":"publish","type":"post","link":"https:\/\/blogdoedvaldomagalhaes.com.br\/index.php\/2020\/04\/13\/alunos-da-rede-estadual-pe-ja-podem-consultar-lista-do-cartao-alimentacao-de-r-50\/","title":{"rendered":"Alunos da Rede Estadual-PE j\u00e1 podem consultar lista do cart\u00e3o alimenta\u00e7\u00e3o de R$ 50"},"content":{"rendered":"\n<p><\/p>\n\n\n<div style=\"text-align: justify;\">Governo de Pernambuco, atrav\u00e9s da Secretaria de Educa\u00e7\u00e3o e Esportes, o lan\u00e7ou o cart\u00e3o alimenta\u00e7\u00e3o para estudantes da rede p\u00fablica estadual. Com investimentos na ordem de R$ 12 milh\u00f5es, o repasse de R$ 50,00 ir\u00e1 beneficiar o estudante em maior situa\u00e7\u00e3o de vulnerabilidade e que depende da merenda fornecida na escola. A iniciativa, que tem como base os dados das fam\u00edlias inscritas no Cadastro \u00danico (Cad\u00danico) do Governo Federal, beneficia cerca de 240 mil estudantes em todas as regi\u00f5es do Estado.<\/div>\n<div style=\"text-align: justify;\">\u00a0<\/div>\n<div style=\"text-align: justify;\">Com as aulas suspensas devido ao isolamento como forma de preven\u00e7\u00e3o a propaga\u00e7\u00e3o do novo Coronav\u00edrus, a medida do Governo do Estado busca suprir a interrup\u00e7\u00e3o das atividades nas escolas, inclusive, do fornecimento da merenda para os estudantes. O valor repassado ser\u00e1 equivalente aos alimentos necess\u00e1rios para um m\u00eas de refei\u00e7\u00e3o por estudante e s\u00f3 poder\u00e1 ser utilizado em compras de produtos aliment\u00edcios.\u00a0\u00a0<\/div>\n<div style=\"text-align: justify;\">\u00a0<\/div>\n<div style=\"text-align: justify;\">A distribui\u00e7\u00e3o do cart\u00e3o alimenta\u00e7\u00e3o, que ser\u00e1 gerenciado pela Alelo, empresa de servi\u00e7os financeiros especializada em benef\u00edcios, incentivos e gest\u00e3o de despesas corporativas, ser\u00e1 realizada a partir do dia 20\/04. A Secretaria informa que a partir da desta segunda-feira (13), as fam\u00edlias dos estudantes da rede p\u00fablica estadual podem acessar o site do \u00f3rg\u00e3o (educacao.pe.gov.br) e realizar a consulta para saber se ter\u00e3o direito ao benef\u00edcio.\u00a0<\/div>\n<div style=\"text-align: justify;\">\u00a0<\/div>\n<div style=\"text-align: justify;\">Tamb\u00e9m ser\u00e1 disponibilizada a consulta da rede Alelo, que contempla mais de 9.300 estabelecimentos credenciados em todas as regi\u00f5es do Estado. A estrat\u00e9gia de uso do cart\u00e3o alimenta\u00e7\u00e3o vai tamb\u00e9m beneficiar a economia da regi\u00e3o, pois os alimentos ser\u00e3o adquiridos em supermercados, mercadinhos, padarias e outros estabelecimentos locais em todo o Estado.<\/div>\n<div style=\"text-align: justify;\">\u00a0<\/div>\n<div style=\"text-align: justify;\">Al\u00e9m do cart\u00e3o alimenta\u00e7\u00e3o, a fam\u00edlia receber\u00e1 tamb\u00e9m uma carta de apresenta\u00e7\u00e3o com todas as orienta\u00e7\u00f5es sobre o uso do cart\u00e3o, informa\u00e7\u00f5es nutricionais, sugest\u00f5es de produtos a serem adquiridos e de produtos n\u00e3o permitidos, como bebidas alco\u00f3licas e refrigerantes, por exemplo.<\/div>\n<div>\u00a0<\/div>\n<div>Imagem: Fl\u00e1vio J.Jardim.<\/div>","protected":false},"excerpt":{"rendered":"<p>Governo de Pernambuco, atrav\u00e9s da Secretaria de Educa\u00e7\u00e3o e Esportes, o lan\u00e7ou o cart\u00e3o alimenta\u00e7\u00e3o para estudantes da rede p\u00fablica&hellip;<\/p>\n","protected":false},"author":1,"featured_media":54149,"comment_status":"open","ping_status":"open","sticky":false,"template":"","format":"standard","meta":{"footnotes":""},"categories":[14120],"tags":[17817,2,16881],"class_list":["post-54148","post","type-post","status-publish","format-standard","has-post-thumbnail","hentry","category-noticias","tag-alunos-da-rede-estadual-pe-ja-podem-consultar-lista-do-cartao-alimentacao-de-r-50","tag-blog-do-edvaldo-magalhaes","tag-caruaru-e-regiao"],"_links":{"self":[{"href":"https:\/\/blogdoedvaldomagalhaes.com.br\/index.php\/wp-json\/wp\/v2\/posts\/54148","targetHints":{"allow":["GET"]}}],"collection":[{"href":"https:\/\/blogdoedvaldomagalhaes.com.br\/index.php\/wp-json\/wp\/v2\/posts"}],"about":[{"href":"https:\/\/blogdoedvaldomagalhaes.com.br\/index.php\/wp-json\/wp\/v2\/types\/post"}],"author":[{"embeddable":true,"href":"https:\/\/blogdoedvaldomagalhaes.com.br\/index.php\/wp-json\/wp\/v2\/users\/1"}],"replies":[{"embeddable":true,"href":"https:\/\/blogdoedvaldomagalhaes.com.br\/index.php\/wp-json\/wp\/v2\/comments?post=54148"}],"version-history":[{"count":1,"href":"https:\/\/blogdoedvaldomagalhaes.com.br\/index.php\/wp-json\/wp\/v2\/posts\/54148\/revisions"}],"predecessor-version":[{"id":54150,"href":"https:\/\/blogdoedvaldomagalhaes.com.br\/index.php\/wp-json\/wp\/v2\/posts\/54148\/revisions\/54150"}],"wp:featuredmedia":[{"embeddable":true,"href":"https:\/\/blogdoedvaldomagalhaes.com.br\/index.php\/wp-json\/wp\/v2\/media\/54149"}],"wp:attachment":[{"href":"https:\/\/blogdoedvaldomagalhaes.com.br\/index.php\/wp-json\/wp\/v2\/media?parent=54148"}],"wp:term":[{"taxonomy":"category","embeddable":true,"href":"https:\/\/blogdoedvaldomagalhaes.com.br\/index.php\/wp-json\/wp\/v2\/categories?post=54148"},{"taxonomy":"post_tag","embeddable":true,"href":"https:\/\/blogdoedvaldomagalhaes.com.br\/index.php\/wp-json\/wp\/v2\/tags?post=54148"}],"curies":[{"name":"wp","href":"https:\/\/api.w.org\/{rel}","templated":true}]}}