{"id":54137,"date":"2020-04-13T21:43:36","date_gmt":"2020-04-14T00:43:36","guid":{"rendered":"http:\/\/blogdoedvaldomagalhaes.com.br\/?p=54137"},"modified":"2020-04-13T21:43:39","modified_gmt":"2020-04-14T00:43:39","slug":"secretaria-de-saude-pe-divulga-morte-de-bebe-de-7-meses-por-covid-19-e-mais-de-mil-casos-confirmados","status":"publish","type":"post","link":"https:\/\/blogdoedvaldomagalhaes.com.br\/index.php\/2020\/04\/13\/secretaria-de-saude-pe-divulga-morte-de-bebe-de-7-meses-por-covid-19-e-mais-de-mil-casos-confirmados\/","title":{"rendered":"Secretaria de Sa\u00fade-PE divulga morte de beb\u00ea de 7 meses por Covid-19 e mais de mil casos confirmados"},"content":{"rendered":"<p style=\"text-align: justify;\">A Secretaria Estadual de Sa\u00fade de Pernambuco (SES-PE) divulgou, no boletim desta segunda-feira (13\/04), mais 194 casos de Covid-19, somando 1.154 confirma\u00e7\u00f5es no Estado. Deste total, 708 pacientes est\u00e3o em isolamento domiciliar e 287 est\u00e3o internados, sendo 232 em leitos de isolamento e 55 em UTI. Al\u00e9m disso, 57 j\u00e1 est\u00e3o recuperados.<br \/>\n\u2800\u2800\u2800<br \/>\nO boletim tamb\u00e9m informa a confirma\u00e7\u00e3o laboratorial de mais 17 \u00f3bitos, sendo 10 homens e 7 mulheres, ocorridos entre os dias 4 e 12 de abril. Os pacientes tinham idades entre 38 e 92 anos, incluindo tamb\u00e9m um menino de 7 meses. Ao todo, Pernambuco soma 102 mortes pelo Novo Coronav\u00edrus.<br \/>\n\u2800\u2800\u2800<br \/>\nOs casos confirmados s\u00e3o do Recife (672), Olinda (91), Jaboat\u00e3o dos Guararapes (79), Paulista (67), Camaragibe (37), S\u00e3o Louren\u00e7o da Mata (33), Fernando de Noronha (24), Cabo de Santo Agostinho (15), Abreu e Lima (13), Cachoeirinha (8), Caruaru (7), Paudalho (7), Vit\u00f3ria de Santo Ant\u00e3o (6), Ipojuca (5), Salgueiro (5), Petrolina (5), Goiana (5), Palmares (4), Moreno (4), Arcoverde (4), Igarassu (3), Jo\u00e3o Alfredo (3), Alian\u00e7a (3), Carpina (2), Lagoa do Carro (2), Catende (2), Limoeiro (2), Belo Jardim (2), Garanhuns (2), Ipubi (2), Ara\u00e7oiaba (2), Itapissuma (2), Pombos (2), Bom Jardim (2), Machados (2), Serra Talhada (2), Passira (1), Macaparana (1), Timba\u00faba (1), Tracunha\u00e9m (1), Gameleira (1), Quipap\u00e1 (1), Frei Miguelino (1), Santa Cruz do Capibaribe (1), S\u00e3o Bento do Una (1), S\u00e3o Caetano (1), Toritama (1), Ch\u00e3 Grande (1), Bom Conselho (1), Capoeiras (1), Sert\u00e2nia (1), S\u00e3o Jos\u00e9 da Coroa Grande (1), Gl\u00f3ria do Goit\u00e1 (1), Lagoa dos Gatos (1), Bezerros (1), Gravat\u00e1 (1), al\u00e9m de casos de outros Estados (5) e outros pa\u00edses (3).<br \/>\n\u2800\u2800\u2800<br \/>\nDados atualizados ao meio dia desta segunda-feira (13\/04).<\/p>\n","protected":false},"excerpt":{"rendered":"<p>A Secretaria Estadual de Sa\u00fade de Pernambuco (SES-PE) divulgou, no boletim desta segunda-feira (13\/04), mais 194 casos de Covid-19, somando&hellip;<\/p>\n","protected":false},"author":1,"featured_media":54138,"comment_status":"open","ping_status":"open","sticky":false,"template":"","format":"standard","meta":{"footnotes":""},"categories":[14120],"tags":[2,16881,17815],"class_list":["post-54137","post","type-post","status-publish","format-standard","has-post-thumbnail","hentry","category-noticias","tag-blog-do-edvaldo-magalhaes","tag-caruaru-e-regiao","tag-secretaria-de-saude-pe-divulga-morte-de-bebe-de-7-meses-por-covid-19-e-mais-de-mil-casos-confirmados"],"_links":{"self":[{"href":"https:\/\/blogdoedvaldomagalhaes.com.br\/index.php\/wp-json\/wp\/v2\/posts\/54137","targetHints":{"allow":["GET"]}}],"collection":[{"href":"https:\/\/blogdoedvaldomagalhaes.com.br\/index.php\/wp-json\/wp\/v2\/posts"}],"about":[{"href":"https:\/\/blogdoedvaldomagalhaes.com.br\/index.php\/wp-json\/wp\/v2\/types\/post"}],"author":[{"embeddable":true,"href":"https:\/\/blogdoedvaldomagalhaes.com.br\/index.php\/wp-json\/wp\/v2\/users\/1"}],"replies":[{"embeddable":true,"href":"https:\/\/blogdoedvaldomagalhaes.com.br\/index.php\/wp-json\/wp\/v2\/comments?post=54137"}],"version-history":[{"count":1,"href":"https:\/\/blogdoedvaldomagalhaes.com.br\/index.php\/wp-json\/wp\/v2\/posts\/54137\/revisions"}],"predecessor-version":[{"id":54139,"href":"https:\/\/blogdoedvaldomagalhaes.com.br\/index.php\/wp-json\/wp\/v2\/posts\/54137\/revisions\/54139"}],"wp:featuredmedia":[{"embeddable":true,"href":"https:\/\/blogdoedvaldomagalhaes.com.br\/index.php\/wp-json\/wp\/v2\/media\/54138"}],"wp:attachment":[{"href":"https:\/\/blogdoedvaldomagalhaes.com.br\/index.php\/wp-json\/wp\/v2\/media?parent=54137"}],"wp:term":[{"taxonomy":"category","embeddable":true,"href":"https:\/\/blogdoedvaldomagalhaes.com.br\/index.php\/wp-json\/wp\/v2\/categories?post=54137"},{"taxonomy":"post_tag","embeddable":true,"href":"https:\/\/blogdoedvaldomagalhaes.com.br\/index.php\/wp-json\/wp\/v2\/tags?post=54137"}],"curies":[{"name":"wp","href":"https:\/\/api.w.org\/{rel}","templated":true}]}}