{"id":54126,"date":"2020-04-13T19:46:08","date_gmt":"2020-04-13T22:46:08","guid":{"rendered":"http:\/\/blogdoedvaldomagalhaes.com.br\/?p=54126"},"modified":"2020-04-13T21:34:23","modified_gmt":"2020-04-14T00:34:23","slug":"morre-ex-goleiro-felix-que-trabalhou-em-varios-clubes-em-pernambuco","status":"publish","type":"post","link":"https:\/\/blogdoedvaldomagalhaes.com.br\/index.php\/2020\/04\/13\/morre-ex-goleiro-felix-que-trabalhou-em-varios-clubes-em-pernambuco\/","title":{"rendered":"Morre ex-goleiro F\u00e9lix que trabalhou em v\u00e1rios clubes em Pernambuco"},"content":{"rendered":"<p style=\"text-align: justify;\">Faleceu nesta segunda-feira (13), o ex-goleiro Jo\u00e3o F\u00e9lix da Silva. F\u00e9lix foi goleiro do Santa Cruz, na d\u00e9cada de 80, e treinador de goleiros no Atl\u00e9tico Clube do Porto e ml Central. Ele estava convalescendo de problemas de sa\u00fade, tendo uma parada card\u00edaca.<\/p>\n<p style=\"text-align: justify;\">O vel\u00f3rio ser\u00e1 realizado na resid\u00eancia dele, na rua Azeredo Coutinho, no bairro Salgado. O local do sepultamento est\u00e1 sendo definido pela fam\u00edlia.<\/p>\n<p style=\"text-align: justify;\">Nota de Pesar<\/p>\n<p style=\"text-align: justify;\">O Central Sport Club lamenta o falecimento aos 72 anos do ex-goleiro Jo\u00e3o F\u00e9lix da Silva, o \u201cGato F\u00e9lix\u201d, ocorrido na tarde desta segunda-feira (13).<\/p>\n<p style=\"text-align: justify;\">Gato F\u00e9lix defendeu o Manto do Glorioso nas d\u00e9cadas de 1960 (base) e 1970 (profissional) marcando \u00e9poca sob as traves do ent\u00e3o Est\u00e1dio Pedro Victor de Albuquerque. Na d\u00e9cada seguinte (1980) o ex-jogador tornou-se preparador de goleiros da Patativa do Agreste. Jo\u00e3o F\u00e9lix da Silva deixou a dinastia da meta Alvinegra para o filho, o saudoso goleiro do Maior do Interior, Felinho.<\/p>\n<p style=\"text-align: justify;\">Todos (as) que fazem a institui\u00e7\u00e3o Central Sport Club prestam as devidas homenagens e condol\u00eancias aos familiares e amigos do \u201cGato F\u00e9lix\u201d.<\/p>\n<p style=\"text-align: justify;\">Atenciosamente: Departamento de Comunica\u00e7\u00e3o do Central Sport Club.<\/p>\n\n\n<figure class=\"wp-block-image size-large\"><img loading=\"lazy\" decoding=\"async\" width=\"960\" height=\"720\" src=\"http:\/\/blogdoedvaldomagalhaes.com.br\/wp-content\/uploads\/2020\/04\/IMG-20200413-WA0222.jpg\" alt=\"\" class=\"wp-image-54130\" srcset=\"https:\/\/blogdoedvaldomagalhaes.com.br\/wp-content\/uploads\/2020\/04\/IMG-20200413-WA0222.jpg 960w, https:\/\/blogdoedvaldomagalhaes.com.br\/wp-content\/uploads\/2020\/04\/IMG-20200413-WA0222-300x225.jpg 300w, https:\/\/blogdoedvaldomagalhaes.com.br\/wp-content\/uploads\/2020\/04\/IMG-20200413-WA0222-768x576.jpg 768w, https:\/\/blogdoedvaldomagalhaes.com.br\/wp-content\/uploads\/2020\/04\/IMG-20200413-WA0222-160x120.jpg 160w\" sizes=\"auto, (max-width: 960px) 100vw, 960px\" \/><\/figure>\n\n\n\n<figure class=\"wp-block-image size-large\"><img loading=\"lazy\" decoding=\"async\" width=\"960\" height=\"720\" src=\"http:\/\/blogdoedvaldomagalhaes.com.br\/wp-content\/uploads\/2020\/04\/IMG-20200413-WA0221.jpg\" alt=\"\" class=\"wp-image-54131\" srcset=\"https:\/\/blogdoedvaldomagalhaes.com.br\/wp-content\/uploads\/2020\/04\/IMG-20200413-WA0221.jpg 960w, https:\/\/blogdoedvaldomagalhaes.com.br\/wp-content\/uploads\/2020\/04\/IMG-20200413-WA0221-300x225.jpg 300w, https:\/\/blogdoedvaldomagalhaes.com.br\/wp-content\/uploads\/2020\/04\/IMG-20200413-WA0221-768x576.jpg 768w, https:\/\/blogdoedvaldomagalhaes.com.br\/wp-content\/uploads\/2020\/04\/IMG-20200413-WA0221-160x120.jpg 160w\" sizes=\"auto, (max-width: 960px) 100vw, 960px\" \/><figcaption>Cr\u00e9ditos: Iza\u00edas Rodrigues\/Cortesia<\/figcaption><\/figure>\n\n\n\n<figure class=\"wp-block-image size-large\"><img loading=\"lazy\" decoding=\"async\" width=\"1024\" height=\"729\" src=\"http:\/\/blogdoedvaldomagalhaes.com.br\/wp-content\/uploads\/2020\/04\/IMG-20200413-WA0259-1024x729.jpg\" alt=\"\" class=\"wp-image-54134\" srcset=\"https:\/\/blogdoedvaldomagalhaes.com.br\/wp-content\/uploads\/2020\/04\/IMG-20200413-WA0259-1024x729.jpg 1024w, https:\/\/blogdoedvaldomagalhaes.com.br\/wp-content\/uploads\/2020\/04\/IMG-20200413-WA0259-300x214.jpg 300w, https:\/\/blogdoedvaldomagalhaes.com.br\/wp-content\/uploads\/2020\/04\/IMG-20200413-WA0259-768x547.jpg 768w, https:\/\/blogdoedvaldomagalhaes.com.br\/wp-content\/uploads\/2020\/04\/IMG-20200413-WA0259.jpg 1080w\" sizes=\"auto, (max-width: 1024px) 100vw, 1024px\" \/><\/figure>\n","protected":false},"excerpt":{"rendered":"<p>Faleceu nesta segunda-feira (13), o ex-goleiro Jo\u00e3o F\u00e9lix da Silva. F\u00e9lix foi goleiro do Santa Cruz, na d\u00e9cada de 80,&hellip;<\/p>\n","protected":false},"author":1,"featured_media":54127,"comment_status":"open","ping_status":"open","sticky":false,"template":"","format":"standard","meta":{"footnotes":""},"categories":[14123],"tags":[2,16881,17814],"class_list":["post-54126","post","type-post","status-publish","format-standard","has-post-thumbnail","hentry","category-futebol","tag-blog-do-edvaldo-magalhaes","tag-caruaru-e-regiao","tag-morre-ex-goleiro-felix-que-trabalhou-em-varios-clubes-em-pernambuco"],"_links":{"self":[{"href":"https:\/\/blogdoedvaldomagalhaes.com.br\/index.php\/wp-json\/wp\/v2\/posts\/54126","targetHints":{"allow":["GET"]}}],"collection":[{"href":"https:\/\/blogdoedvaldomagalhaes.com.br\/index.php\/wp-json\/wp\/v2\/posts"}],"about":[{"href":"https:\/\/blogdoedvaldomagalhaes.com.br\/index.php\/wp-json\/wp\/v2\/types\/post"}],"author":[{"embeddable":true,"href":"https:\/\/blogdoedvaldomagalhaes.com.br\/index.php\/wp-json\/wp\/v2\/users\/1"}],"replies":[{"embeddable":true,"href":"https:\/\/blogdoedvaldomagalhaes.com.br\/index.php\/wp-json\/wp\/v2\/comments?post=54126"}],"version-history":[{"count":6,"href":"https:\/\/blogdoedvaldomagalhaes.com.br\/index.php\/wp-json\/wp\/v2\/posts\/54126\/revisions"}],"predecessor-version":[{"id":54136,"href":"https:\/\/blogdoedvaldomagalhaes.com.br\/index.php\/wp-json\/wp\/v2\/posts\/54126\/revisions\/54136"}],"wp:featuredmedia":[{"embeddable":true,"href":"https:\/\/blogdoedvaldomagalhaes.com.br\/index.php\/wp-json\/wp\/v2\/media\/54127"}],"wp:attachment":[{"href":"https:\/\/blogdoedvaldomagalhaes.com.br\/index.php\/wp-json\/wp\/v2\/media?parent=54126"}],"wp:term":[{"taxonomy":"category","embeddable":true,"href":"https:\/\/blogdoedvaldomagalhaes.com.br\/index.php\/wp-json\/wp\/v2\/categories?post=54126"},{"taxonomy":"post_tag","embeddable":true,"href":"https:\/\/blogdoedvaldomagalhaes.com.br\/index.php\/wp-json\/wp\/v2\/tags?post=54126"}],"curies":[{"name":"wp","href":"https:\/\/api.w.org\/{rel}","templated":true}]}}