{"id":54123,"date":"2020-04-13T18:00:16","date_gmt":"2020-04-13T21:00:16","guid":{"rendered":"http:\/\/blogdoedvaldomagalhaes.com.br\/?p=54123"},"modified":"2020-04-13T18:00:22","modified_gmt":"2020-04-13T21:00:22","slug":"governo-de-pernambuco-prorroga-prazo-de-fechamento-de-praias-e-parques-em-todo-o-estado","status":"publish","type":"post","link":"https:\/\/blogdoedvaldomagalhaes.com.br\/index.php\/2020\/04\/13\/governo-de-pernambuco-prorroga-prazo-de-fechamento-de-praias-e-parques-em-todo-o-estado\/","title":{"rendered":"Governo de Pernambuco prorroga prazo de fechamento de praias e parques em todo o Estado"},"content":{"rendered":"<p style=\"text-align: justify;\"><span style=\"font-size: inherit;\">O governador Paulo C\u00e2mara assinou decreto, na tarde desta segunda-feira (13.04), prorrogando por mais uma semana o fechamento dos parques p\u00fablicos, praias e seus cal\u00e7ad\u00f5es. A inten\u00e7\u00e3o da nova medida \u00e9 intensificar o isolamento social, buscando reduzir ao m\u00e1ximo o impacto da pandemia do novo coronav\u00edrus em Pernambuco.<\/span><\/p>\n<p style=\"text-align: justify;\">A proibi\u00e7\u00e3o do acesso a essas \u00e1reas foi inicialmente adotada por dois dias, a partir de 4 de abril, tendo sido prorrogada para o dia 13. Com o avan\u00e7o da pandemia, o Governo decidiu estender ainda mais o prazo de fechamento, agora para o dia 20 deste m\u00eas.<br \/>\nDe acordo com o decreto assinado nesta segunda, permanece vedado ao p\u00fablico o acesso \u00e0s praias e ao cal\u00e7ad\u00e3o das avenidas situadas nas faixas de beira-mar e de beira-rio em Pernambuco, bem como aos parques p\u00fablicos localizados no Estado, para a pr\u00e1tica de qualquer atividade.<\/p>\n","protected":false},"excerpt":{"rendered":"<p>O governador Paulo C\u00e2mara assinou decreto, na tarde desta segunda-feira (13.04), prorrogando por mais uma semana o fechamento dos parques&hellip;<\/p>\n","protected":false},"author":1,"featured_media":54124,"comment_status":"open","ping_status":"open","sticky":false,"template":"","format":"standard","meta":{"footnotes":""},"categories":[14120],"tags":[2,16881,17813],"class_list":["post-54123","post","type-post","status-publish","format-standard","has-post-thumbnail","hentry","category-noticias","tag-blog-do-edvaldo-magalhaes","tag-caruaru-e-regiao","tag-governo-de-pernambuco-prorroga-prazo-de-fechamento-de-praias-e-parques-em-todo-o-estado"],"_links":{"self":[{"href":"https:\/\/blogdoedvaldomagalhaes.com.br\/index.php\/wp-json\/wp\/v2\/posts\/54123","targetHints":{"allow":["GET"]}}],"collection":[{"href":"https:\/\/blogdoedvaldomagalhaes.com.br\/index.php\/wp-json\/wp\/v2\/posts"}],"about":[{"href":"https:\/\/blogdoedvaldomagalhaes.com.br\/index.php\/wp-json\/wp\/v2\/types\/post"}],"author":[{"embeddable":true,"href":"https:\/\/blogdoedvaldomagalhaes.com.br\/index.php\/wp-json\/wp\/v2\/users\/1"}],"replies":[{"embeddable":true,"href":"https:\/\/blogdoedvaldomagalhaes.com.br\/index.php\/wp-json\/wp\/v2\/comments?post=54123"}],"version-history":[{"count":1,"href":"https:\/\/blogdoedvaldomagalhaes.com.br\/index.php\/wp-json\/wp\/v2\/posts\/54123\/revisions"}],"predecessor-version":[{"id":54125,"href":"https:\/\/blogdoedvaldomagalhaes.com.br\/index.php\/wp-json\/wp\/v2\/posts\/54123\/revisions\/54125"}],"wp:featuredmedia":[{"embeddable":true,"href":"https:\/\/blogdoedvaldomagalhaes.com.br\/index.php\/wp-json\/wp\/v2\/media\/54124"}],"wp:attachment":[{"href":"https:\/\/blogdoedvaldomagalhaes.com.br\/index.php\/wp-json\/wp\/v2\/media?parent=54123"}],"wp:term":[{"taxonomy":"category","embeddable":true,"href":"https:\/\/blogdoedvaldomagalhaes.com.br\/index.php\/wp-json\/wp\/v2\/categories?post=54123"},{"taxonomy":"post_tag","embeddable":true,"href":"https:\/\/blogdoedvaldomagalhaes.com.br\/index.php\/wp-json\/wp\/v2\/tags?post=54123"}],"curies":[{"name":"wp","href":"https:\/\/api.w.org\/{rel}","templated":true}]}}