{"id":54059,"date":"2020-04-12T14:59:27","date_gmt":"2020-04-12T17:59:27","guid":{"rendered":"http:\/\/blogdoedvaldomagalhaes.com.br\/?p=54059"},"modified":"2020-04-12T19:15:31","modified_gmt":"2020-04-12T22:15:31","slug":"morre-em-caruaru-o-sanfoneiro-avenor-lopes","status":"publish","type":"post","link":"https:\/\/blogdoedvaldomagalhaes.com.br\/index.php\/2020\/04\/12\/morre-em-caruaru-o-sanfoneiro-avenor-lopes\/","title":{"rendered":"Morre em Caruaru o sanfoneiro Avenor Lopes"},"content":{"rendered":"<p style=\"text-align: justify;\">\u00c9 com pesar que o Blog do Edvaldo Magalh\u00e3es\u00a0 divulga o falecimento do sanfoneiro Avenor Lopes, que ocorreu neste domingo (12). Avenor sofreu mais um AVC na quinta feira (02), esteve internado no Hospital Mestre Vitalino, teve alta no s\u00e1bado (04), e encontrava-se em casa, acamado, sem falar e com o lado direito do corpo quase sem movimento.<\/p>\n<p style=\"text-align: justify;\">Avenor Lopes, nasceu em 28 de julho de 1948, em\u00a0 Santa Cruz do Capibaribe, e morava em Caruaru, desde 1965, quando come\u00e7ou a fazer parte da caravana de Ivan Bulh\u00f5es, gravando tr\u00eas LPs, al\u00e9m fazer parte de<span style=\"font-size: inherit;\"> shows com Luiz Gonzaga, Ari Lobo, Jackson do Pandeiro, Jorge de Altinho, Azul\u00e3o e Jacinto Silva. Casou com dona Nanci Batista, em 1971, com quem teve seis filhos. Formou a banda Top\u00e1zill com os filhos, genros e noras.<\/span><\/p>\n<p style=\"text-align: justify;\">Avenor foi vice-presidente da Associa\u00e7\u00e3o dos Cantores, M\u00fasicos e Forrozeiros de Caruaru, entidade formada em 1998. Foi homenageado no S\u00e3o Jo\u00e3o de Caruaru em 2011, ao lado de Jorge de Altinho e Israel Filho.<\/p>\n<p>O sepultamento acontece nesta segunda-feira (13), \u00e0s 10h, no Cemit\u00e9rio Parque dos Arcos.<\/p>\n\n\n<figure class=\"wp-block-image size-large\"><img loading=\"lazy\" decoding=\"async\" width=\"458\" height=\"839\" src=\"http:\/\/blogdoedvaldomagalhaes.com.br\/wp-content\/uploads\/2020\/04\/FB_IMG_1586713806069.jpg\" alt=\"\" class=\"wp-image-54061\" srcset=\"https:\/\/blogdoedvaldomagalhaes.com.br\/wp-content\/uploads\/2020\/04\/FB_IMG_1586713806069.jpg 458w, https:\/\/blogdoedvaldomagalhaes.com.br\/wp-content\/uploads\/2020\/04\/FB_IMG_1586713806069-164x300.jpg 164w\" sizes=\"auto, (max-width: 458px) 100vw, 458px\" \/><\/figure>\n","protected":false},"excerpt":{"rendered":"<p>\u00c9 com pesar que o Blog do Edvaldo Magalh\u00e3es\u00a0 divulga o falecimento do sanfoneiro Avenor Lopes, que ocorreu neste domingo&hellip;<\/p>\n","protected":false},"author":1,"featured_media":54060,"comment_status":"open","ping_status":"open","sticky":false,"template":"","format":"standard","meta":{"footnotes":""},"categories":[14120],"tags":[2,16881,17805],"class_list":["post-54059","post","type-post","status-publish","format-standard","has-post-thumbnail","hentry","category-noticias","tag-blog-do-edvaldo-magalhaes","tag-caruaru-e-regiao","tag-morre-em-caruaru-o-sanfoneiro-avenor-lopes"],"_links":{"self":[{"href":"https:\/\/blogdoedvaldomagalhaes.com.br\/index.php\/wp-json\/wp\/v2\/posts\/54059","targetHints":{"allow":["GET"]}}],"collection":[{"href":"https:\/\/blogdoedvaldomagalhaes.com.br\/index.php\/wp-json\/wp\/v2\/posts"}],"about":[{"href":"https:\/\/blogdoedvaldomagalhaes.com.br\/index.php\/wp-json\/wp\/v2\/types\/post"}],"author":[{"embeddable":true,"href":"https:\/\/blogdoedvaldomagalhaes.com.br\/index.php\/wp-json\/wp\/v2\/users\/1"}],"replies":[{"embeddable":true,"href":"https:\/\/blogdoedvaldomagalhaes.com.br\/index.php\/wp-json\/wp\/v2\/comments?post=54059"}],"version-history":[{"count":9,"href":"https:\/\/blogdoedvaldomagalhaes.com.br\/index.php\/wp-json\/wp\/v2\/posts\/54059\/revisions"}],"predecessor-version":[{"id":54070,"href":"https:\/\/blogdoedvaldomagalhaes.com.br\/index.php\/wp-json\/wp\/v2\/posts\/54059\/revisions\/54070"}],"wp:featuredmedia":[{"embeddable":true,"href":"https:\/\/blogdoedvaldomagalhaes.com.br\/index.php\/wp-json\/wp\/v2\/media\/54060"}],"wp:attachment":[{"href":"https:\/\/blogdoedvaldomagalhaes.com.br\/index.php\/wp-json\/wp\/v2\/media?parent=54059"}],"wp:term":[{"taxonomy":"category","embeddable":true,"href":"https:\/\/blogdoedvaldomagalhaes.com.br\/index.php\/wp-json\/wp\/v2\/categories?post=54059"},{"taxonomy":"post_tag","embeddable":true,"href":"https:\/\/blogdoedvaldomagalhaes.com.br\/index.php\/wp-json\/wp\/v2\/tags?post=54059"}],"curies":[{"name":"wp","href":"https:\/\/api.w.org\/{rel}","templated":true}]}}