{"id":54052,"date":"2020-04-11T22:36:04","date_gmt":"2020-04-12T01:36:04","guid":{"rendered":"http:\/\/blogdoedvaldomagalhaes.com.br\/?p=54052"},"modified":"2020-04-11T22:51:32","modified_gmt":"2020-04-12T01:51:32","slug":"segundo-homicidio-registrado-em-caruaru-neste-sabado-11","status":"publish","type":"post","link":"https:\/\/blogdoedvaldomagalhaes.com.br\/index.php\/2020\/04\/11\/segundo-homicidio-registrado-em-caruaru-neste-sabado-11\/","title":{"rendered":"Segundo homic\u00eddio registrado em Caruaru neste s\u00e1bado (11)"},"content":{"rendered":"<p style=\"text-align: justify;\">O jovem Adriel Jos\u00e9 da Silva dos Santos, de 25 anos de idade, natural de Catende, na zona da mata sul de Pernambuco, trabalhava atualmente na feira do milho, foi assassinado por um disparo de arma de fogo, na noite deste s\u00e1bado (11), no Parque 18 de Maio, em Caruaru. Segundo informa\u00e7\u00f5es da pol\u00edcia, era um ex-presidi\u00e1rio e tinha envolvimento com drogas.<\/p>\n<p style=\"text-align: justify;\">Este foi o 2\u00b0 homic\u00eddio deste s\u00e1bado (11)), o 4\u00b0 homic\u00eddio no m\u00eas de abril e o 40\u00b0 do ano de 2020, em Caruaru.<\/p>\n","protected":false},"excerpt":{"rendered":"<p>O jovem Adriel Jos\u00e9 da Silva dos Santos, de 25 anos de idade, natural de Catende, na zona da mata&hellip;<\/p>\n","protected":false},"author":1,"featured_media":54053,"comment_status":"open","ping_status":"open","sticky":false,"template":"","format":"standard","meta":{"footnotes":""},"categories":[14121],"tags":[2,16881,17804],"class_list":["post-54052","post","type-post","status-publish","format-standard","has-post-thumbnail","hentry","category-policial","tag-blog-do-edvaldo-magalhaes","tag-caruaru-e-regiao","tag-segundo-homicidio-registrado-em-caruaru-neste-sabado-11"],"_links":{"self":[{"href":"https:\/\/blogdoedvaldomagalhaes.com.br\/index.php\/wp-json\/wp\/v2\/posts\/54052","targetHints":{"allow":["GET"]}}],"collection":[{"href":"https:\/\/blogdoedvaldomagalhaes.com.br\/index.php\/wp-json\/wp\/v2\/posts"}],"about":[{"href":"https:\/\/blogdoedvaldomagalhaes.com.br\/index.php\/wp-json\/wp\/v2\/types\/post"}],"author":[{"embeddable":true,"href":"https:\/\/blogdoedvaldomagalhaes.com.br\/index.php\/wp-json\/wp\/v2\/users\/1"}],"replies":[{"embeddable":true,"href":"https:\/\/blogdoedvaldomagalhaes.com.br\/index.php\/wp-json\/wp\/v2\/comments?post=54052"}],"version-history":[{"count":4,"href":"https:\/\/blogdoedvaldomagalhaes.com.br\/index.php\/wp-json\/wp\/v2\/posts\/54052\/revisions"}],"predecessor-version":[{"id":54058,"href":"https:\/\/blogdoedvaldomagalhaes.com.br\/index.php\/wp-json\/wp\/v2\/posts\/54052\/revisions\/54058"}],"wp:featuredmedia":[{"embeddable":true,"href":"https:\/\/blogdoedvaldomagalhaes.com.br\/index.php\/wp-json\/wp\/v2\/media\/54053"}],"wp:attachment":[{"href":"https:\/\/blogdoedvaldomagalhaes.com.br\/index.php\/wp-json\/wp\/v2\/media?parent=54052"}],"wp:term":[{"taxonomy":"category","embeddable":true,"href":"https:\/\/blogdoedvaldomagalhaes.com.br\/index.php\/wp-json\/wp\/v2\/categories?post=54052"},{"taxonomy":"post_tag","embeddable":true,"href":"https:\/\/blogdoedvaldomagalhaes.com.br\/index.php\/wp-json\/wp\/v2\/tags?post=54052"}],"curies":[{"name":"wp","href":"https:\/\/api.w.org\/{rel}","templated":true}]}}