{"id":54044,"date":"2020-04-11T18:37:38","date_gmt":"2020-04-11T21:37:38","guid":{"rendered":"http:\/\/blogdoedvaldomagalhaes.com.br\/?p=54044"},"modified":"2020-04-11T18:37:42","modified_gmt":"2020-04-11T21:37:42","slug":"empresario-mauricio-neves-se-filia-ao-psd","status":"publish","type":"post","link":"https:\/\/blogdoedvaldomagalhaes.com.br\/index.php\/2020\/04\/11\/empresario-mauricio-neves-se-filia-ao-psd\/","title":{"rendered":"Empres\u00e1rio Maur\u00edcio Neves se filia ao PSD"},"content":{"rendered":"<p style=\"text-align: justify;\"><span style=\"font-size: inherit;\">A convite do presidente municipal do PSD, o pr\u00e9-candidato a prefeito de Caruaru, Raffi\u00ea Dellon, o empres\u00e1rio Maur\u00edcio Neves se filiou ao partido e declarou apoio a pr\u00e9-candidatura do jovem.<\/span><\/p>\n<p style=\"text-align: justify;\">Raffi\u00ea comemorou a filia\u00e7\u00e3o de Maur\u00edcio Neves. \u201cMaur\u00edcio \u00e9 administrador, tem excelentes ideias e o principal, tem vontade de fazer a diferen\u00e7a. N\u00f3s precisamos de pessoas comprometidas e com vontade de mudar a hist\u00f3ria de nossa Cidade, das pessoas, das fam\u00edlias e ele fala dos seus projetos com muita garra e dedica\u00e7\u00e3o\u201d, afirmou.<\/p>\n<p style=\"text-align: justify;\">O empres\u00e1rio \u00e9 mais um refor\u00e7o do projeto do partido, em Caruaru.<\/p>\n","protected":false},"excerpt":{"rendered":"<p>A convite do presidente municipal do PSD, o pr\u00e9-candidato a prefeito de Caruaru, Raffi\u00ea Dellon, o empres\u00e1rio Maur\u00edcio Neves se&hellip;<\/p>\n","protected":false},"author":1,"featured_media":54045,"comment_status":"open","ping_status":"open","sticky":false,"template":"","format":"standard","meta":{"footnotes":""},"categories":[14120],"tags":[2,16881,17803],"class_list":["post-54044","post","type-post","status-publish","format-standard","has-post-thumbnail","hentry","category-noticias","tag-blog-do-edvaldo-magalhaes","tag-caruaru-e-regiao","tag-empresario-mauricio-neves-se-filia-ao-psd"],"_links":{"self":[{"href":"https:\/\/blogdoedvaldomagalhaes.com.br\/index.php\/wp-json\/wp\/v2\/posts\/54044","targetHints":{"allow":["GET"]}}],"collection":[{"href":"https:\/\/blogdoedvaldomagalhaes.com.br\/index.php\/wp-json\/wp\/v2\/posts"}],"about":[{"href":"https:\/\/blogdoedvaldomagalhaes.com.br\/index.php\/wp-json\/wp\/v2\/types\/post"}],"author":[{"embeddable":true,"href":"https:\/\/blogdoedvaldomagalhaes.com.br\/index.php\/wp-json\/wp\/v2\/users\/1"}],"replies":[{"embeddable":true,"href":"https:\/\/blogdoedvaldomagalhaes.com.br\/index.php\/wp-json\/wp\/v2\/comments?post=54044"}],"version-history":[{"count":1,"href":"https:\/\/blogdoedvaldomagalhaes.com.br\/index.php\/wp-json\/wp\/v2\/posts\/54044\/revisions"}],"predecessor-version":[{"id":54046,"href":"https:\/\/blogdoedvaldomagalhaes.com.br\/index.php\/wp-json\/wp\/v2\/posts\/54044\/revisions\/54046"}],"wp:featuredmedia":[{"embeddable":true,"href":"https:\/\/blogdoedvaldomagalhaes.com.br\/index.php\/wp-json\/wp\/v2\/media\/54045"}],"wp:attachment":[{"href":"https:\/\/blogdoedvaldomagalhaes.com.br\/index.php\/wp-json\/wp\/v2\/media?parent=54044"}],"wp:term":[{"taxonomy":"category","embeddable":true,"href":"https:\/\/blogdoedvaldomagalhaes.com.br\/index.php\/wp-json\/wp\/v2\/categories?post=54044"},{"taxonomy":"post_tag","embeddable":true,"href":"https:\/\/blogdoedvaldomagalhaes.com.br\/index.php\/wp-json\/wp\/v2\/tags?post=54044"}],"curies":[{"name":"wp","href":"https:\/\/api.w.org\/{rel}","templated":true}]}}