{"id":54037,"date":"2020-04-11T15:44:28","date_gmt":"2020-04-11T18:44:28","guid":{"rendered":"http:\/\/blogdoedvaldomagalhaes.com.br\/?p=54037"},"modified":"2020-04-11T19:43:14","modified_gmt":"2020-04-11T22:43:14","slug":"secretaria-de-saude-de-caruaru-divulga-crianca-e-jovem-com-covid-19","status":"publish","type":"post","link":"https:\/\/blogdoedvaldomagalhaes.com.br\/index.php\/2020\/04\/11\/secretaria-de-saude-de-caruaru-divulga-crianca-e-jovem-com-covid-19\/","title":{"rendered":"Secretaria de Sa\u00fade de Caruaru divulga crian\u00e7a e jovem com Covid-19"},"content":{"rendered":"<p style=\"text-align: justify;\"><span style=\"font-size: inherit;\">Nota&nbsp;<\/span><\/p>\n<p style=\"text-align: justify;\"><span style=\"font-size: inherit;\"> A Secretaria de Sa\u00fade de Caruaru informa dois casos novos de Covid-19 no munic\u00edpio.<\/span><\/p>\n<p style=\"text-align: justify;\">O primeiro \u00e9 um paciente jovem, pouco mais de 30 anos, de hospital particular, est\u00e1 em isolamento domiciliar e evoluindo clinicamente bem. O outro caso \u00e9 de uma crian\u00e7a, de tr\u00eas anos, que est\u00e1 hospitalizada, em Recife, e o quadro dela \u00e9 est\u00e1vel.<\/p>\n<p style=\"text-align: justify;\">Atualmente, Caruaru possui 8 casos confirmados de Covid-19, inclu\u00edndo um \u00f3bito.<\/p>\n\n\n<figure class=\"wp-block-image size-large\"><img loading=\"lazy\" decoding=\"async\" width=\"1024\" height=\"1024\" src=\"http:\/\/blogdoedvaldomagalhaes.com.br\/wp-content\/uploads\/2020\/04\/IMG-20200411-WA0269-1024x1024.jpg\" alt=\"\" class=\"wp-image-54048\" srcset=\"https:\/\/blogdoedvaldomagalhaes.com.br\/wp-content\/uploads\/2020\/04\/IMG-20200411-WA0269-1024x1024.jpg 1024w, https:\/\/blogdoedvaldomagalhaes.com.br\/wp-content\/uploads\/2020\/04\/IMG-20200411-WA0269-300x300.jpg 300w, https:\/\/blogdoedvaldomagalhaes.com.br\/wp-content\/uploads\/2020\/04\/IMG-20200411-WA0269-150x150.jpg 150w, https:\/\/blogdoedvaldomagalhaes.com.br\/wp-content\/uploads\/2020\/04\/IMG-20200411-WA0269-768x768.jpg 768w, https:\/\/blogdoedvaldomagalhaes.com.br\/wp-content\/uploads\/2020\/04\/IMG-20200411-WA0269.jpg 1280w\" sizes=\"auto, (max-width: 1024px) 100vw, 1024px\" \/><\/figure>\n","protected":false},"excerpt":{"rendered":"<p>Nota&nbsp; A Secretaria de Sa\u00fade de Caruaru informa dois casos novos de Covid-19 no munic\u00edpio. O primeiro \u00e9 um paciente&hellip;<\/p>\n","protected":false},"author":1,"featured_media":54038,"comment_status":"open","ping_status":"open","sticky":false,"template":"","format":"standard","meta":{"footnotes":""},"categories":[14120],"tags":[2,16881,17802],"class_list":["post-54037","post","type-post","status-publish","format-standard","has-post-thumbnail","hentry","category-noticias","tag-blog-do-edvaldo-magalhaes","tag-caruaru-e-regiao","tag-secretaria-de-saude-de-caruaru-divulga-crianca-e-jovem-com-covid-19"],"_links":{"self":[{"href":"https:\/\/blogdoedvaldomagalhaes.com.br\/index.php\/wp-json\/wp\/v2\/posts\/54037","targetHints":{"allow":["GET"]}}],"collection":[{"href":"https:\/\/blogdoedvaldomagalhaes.com.br\/index.php\/wp-json\/wp\/v2\/posts"}],"about":[{"href":"https:\/\/blogdoedvaldomagalhaes.com.br\/index.php\/wp-json\/wp\/v2\/types\/post"}],"author":[{"embeddable":true,"href":"https:\/\/blogdoedvaldomagalhaes.com.br\/index.php\/wp-json\/wp\/v2\/users\/1"}],"replies":[{"embeddable":true,"href":"https:\/\/blogdoedvaldomagalhaes.com.br\/index.php\/wp-json\/wp\/v2\/comments?post=54037"}],"version-history":[{"count":2,"href":"https:\/\/blogdoedvaldomagalhaes.com.br\/index.php\/wp-json\/wp\/v2\/posts\/54037\/revisions"}],"predecessor-version":[{"id":54049,"href":"https:\/\/blogdoedvaldomagalhaes.com.br\/index.php\/wp-json\/wp\/v2\/posts\/54037\/revisions\/54049"}],"wp:featuredmedia":[{"embeddable":true,"href":"https:\/\/blogdoedvaldomagalhaes.com.br\/index.php\/wp-json\/wp\/v2\/media\/54038"}],"wp:attachment":[{"href":"https:\/\/blogdoedvaldomagalhaes.com.br\/index.php\/wp-json\/wp\/v2\/media?parent=54037"}],"wp:term":[{"taxonomy":"category","embeddable":true,"href":"https:\/\/blogdoedvaldomagalhaes.com.br\/index.php\/wp-json\/wp\/v2\/categories?post=54037"},{"taxonomy":"post_tag","embeddable":true,"href":"https:\/\/blogdoedvaldomagalhaes.com.br\/index.php\/wp-json\/wp\/v2\/tags?post=54037"}],"curies":[{"name":"wp","href":"https:\/\/api.w.org\/{rel}","templated":true}]}}