{"id":54032,"date":"2020-04-11T13:27:55","date_gmt":"2020-04-11T16:27:55","guid":{"rendered":"http:\/\/blogdoedvaldomagalhaes.com.br\/?p=54032"},"modified":"2020-04-11T18:32:59","modified_gmt":"2020-04-11T21:32:59","slug":"secretaria-de-saude-pe-divulga-novos-numeros-de-casos-de-covid-19-neste-sabado-11-confira","status":"publish","type":"post","link":"https:\/\/blogdoedvaldomagalhaes.com.br\/index.php\/2020\/04\/11\/secretaria-de-saude-pe-divulga-novos-numeros-de-casos-de-covid-19-neste-sabado-11-confira\/","title":{"rendered":"Secretaria de Sa\u00fade-PE divulga novos n\u00fameros de casos de Covid-19 neste s\u00e1bado (11); Confira"},"content":{"rendered":"<p style=\"text-align: justify;\">Neste s\u00e1bado (11.04), Pernambuco confirmou 132 novos casos da Covid-19 &#8211; s\u00e3o 816 casos at\u00e9 agora. Desses, 443 est\u00e3o em isolamento domiciliar e 256 internados, sendo 34 em UTI e 222 em leitos de enfermaria. Outros 45 pacientes j\u00e1 est\u00e3o recuperados. Tamb\u00e9m foram confirmados mais 7 \u00f3bitos, ocorridos entre os dias 02.04 e 10.04, nos munic\u00edpios do Recife, Jaboat\u00e3o dos Guararapes, Olinda, S\u00e3o Louren\u00e7o da Mata, Sert\u00e2nia e Gameleira. Os pacientes tinham idades entre 41 e 89 anos, sendo 2 mulheres e 5 homens. Com isso, j\u00e1 s\u00e3o 72 mortes pela Covid-19 em Pernambuco. Os casos confirmados est\u00e3o distribu\u00eddos por 46 munic\u00edpios, al\u00e9m de Fernando de Noronha e de pacientes em outros Estados e pa\u00edses. Com rela\u00e7\u00e3o \u00e0 testagem dos profissionais de sa\u00fade com sintomas de gripe, 227 casos foram confirmados e 194 descartados.<\/p>\n<p style=\"text-align: justify;\">Pernambuco foi o primeiro Estado do Pa\u00eds a criar um protocolo para testar os profissionais de sa\u00fade. Seguindo com o trabalho de expans\u00e3o de leitos, em menos de um m\u00eas, foram abertos 386 leitos, sendo 161 de UTI.<\/p>\n","protected":false},"excerpt":{"rendered":"<p>Neste s\u00e1bado (11.04), Pernambuco confirmou 132 novos casos da Covid-19 &#8211; s\u00e3o 816 casos at\u00e9 agora. Desses, 443 est\u00e3o em&hellip;<\/p>\n","protected":false},"author":1,"featured_media":54033,"comment_status":"open","ping_status":"open","sticky":false,"template":"","format":"standard","meta":{"footnotes":""},"categories":[14120],"tags":[16881,17801],"class_list":["post-54032","post","type-post","status-publish","format-standard","has-post-thumbnail","hentry","category-noticias","tag-caruaru-e-regiao","tag-secretaria-de-saude-pe-divulga-novos-numeros-de-casos-de-covid-19-neste-sabado-11-confira"],"_links":{"self":[{"href":"https:\/\/blogdoedvaldomagalhaes.com.br\/index.php\/wp-json\/wp\/v2\/posts\/54032","targetHints":{"allow":["GET"]}}],"collection":[{"href":"https:\/\/blogdoedvaldomagalhaes.com.br\/index.php\/wp-json\/wp\/v2\/posts"}],"about":[{"href":"https:\/\/blogdoedvaldomagalhaes.com.br\/index.php\/wp-json\/wp\/v2\/types\/post"}],"author":[{"embeddable":true,"href":"https:\/\/blogdoedvaldomagalhaes.com.br\/index.php\/wp-json\/wp\/v2\/users\/1"}],"replies":[{"embeddable":true,"href":"https:\/\/blogdoedvaldomagalhaes.com.br\/index.php\/wp-json\/wp\/v2\/comments?post=54032"}],"version-history":[{"count":2,"href":"https:\/\/blogdoedvaldomagalhaes.com.br\/index.php\/wp-json\/wp\/v2\/posts\/54032\/revisions"}],"predecessor-version":[{"id":54043,"href":"https:\/\/blogdoedvaldomagalhaes.com.br\/index.php\/wp-json\/wp\/v2\/posts\/54032\/revisions\/54043"}],"wp:featuredmedia":[{"embeddable":true,"href":"https:\/\/blogdoedvaldomagalhaes.com.br\/index.php\/wp-json\/wp\/v2\/media\/54033"}],"wp:attachment":[{"href":"https:\/\/blogdoedvaldomagalhaes.com.br\/index.php\/wp-json\/wp\/v2\/media?parent=54032"}],"wp:term":[{"taxonomy":"category","embeddable":true,"href":"https:\/\/blogdoedvaldomagalhaes.com.br\/index.php\/wp-json\/wp\/v2\/categories?post=54032"},{"taxonomy":"post_tag","embeddable":true,"href":"https:\/\/blogdoedvaldomagalhaes.com.br\/index.php\/wp-json\/wp\/v2\/tags?post=54032"}],"curies":[{"name":"wp","href":"https:\/\/api.w.org\/{rel}","templated":true}]}}