{"id":54025,"date":"2020-04-11T13:00:45","date_gmt":"2020-04-11T16:00:45","guid":{"rendered":"http:\/\/blogdoedvaldomagalhaes.com.br\/?p=54025"},"modified":"2020-04-11T13:00:47","modified_gmt":"2020-04-11T16:00:47","slug":"secretaria-de-educacao-de-caruaru-altera-a-agenda-de-entregas-dos-kits-alimentares","status":"publish","type":"post","link":"https:\/\/blogdoedvaldomagalhaes.com.br\/index.php\/2020\/04\/11\/secretaria-de-educacao-de-caruaru-altera-a-agenda-de-entregas-dos-kits-alimentares\/","title":{"rendered":"Secretaria de Educa\u00e7\u00e3o de Caruaru altera a agenda de entregas dos kits alimentares"},"content":{"rendered":"<p style=\"text-align: justify;\"><span style=\"font-size: inherit;\">NOTA<\/span><\/p>\n<p style=\"text-align: justify;\">A Secretaria de Educa\u00e7\u00e3o de Caruaru informa que foi necess\u00e1rio alterar a agenda de entregas dos kits alimentares. As escolas do segundo distrito ser\u00e3o atendidas na manh\u00e3 de domingo (12), e, consequentemente, a agenda das demais unidades ser\u00e3o adiantadas em um dia:<\/p>\n<p style=\"text-align: justify;\">Dia 12\/04 (domingo)<br \/>Manh\u00e3 &#8211; 2\u00ba distrito<\/p>\n<p style=\"text-align: justify;\">Dia 13\/04 (segunda-feira)<br \/>Manh\u00e3 &#8211; 3\u00ba distrito<br \/>Tarde &#8211; 4\u00ba distrito<\/p>\n<p style=\"text-align: justify;\">Dia 14\/04 (ter\u00e7a-feira)<br \/>Manh\u00e3 e tarde &#8211; Centros Municipais de Educa\u00e7\u00e3o Infantil (CMEIs)<span style=\"font-size: inherit;\">Dia 15\/04 (quarta-feira)*<\/span><\/p>\n<p style=\"text-align: justify;\">Manh\u00e3 e tarde &#8211; Escolas em Tempo Integral (ETIs)<\/p>\n<p style=\"text-align: justify;\">Dias 16,17 e 18\/04 (quinta-feira, sexta-feira e s\u00e1bado)<br \/>Manh\u00e3 e tarde &#8211; demais escolas<\/p>\n\n\n<figure class=\"wp-block-image size-large\"><img loading=\"lazy\" decoding=\"async\" width=\"768\" height=\"1024\" src=\"http:\/\/blogdoedvaldomagalhaes.com.br\/wp-content\/uploads\/2020\/04\/IMG-20200411-WA0130-768x1024.jpg\" alt=\"\" class=\"wp-image-54027\" srcset=\"https:\/\/blogdoedvaldomagalhaes.com.br\/wp-content\/uploads\/2020\/04\/IMG-20200411-WA0130-768x1024.jpg 768w, https:\/\/blogdoedvaldomagalhaes.com.br\/wp-content\/uploads\/2020\/04\/IMG-20200411-WA0130-225x300.jpg 225w, https:\/\/blogdoedvaldomagalhaes.com.br\/wp-content\/uploads\/2020\/04\/IMG-20200411-WA0130.jpg 960w\" sizes=\"auto, (max-width: 768px) 100vw, 768px\" \/><\/figure>\n\n\n\n<figure class=\"wp-block-image size-large\"><img loading=\"lazy\" decoding=\"async\" width=\"768\" height=\"1024\" src=\"http:\/\/blogdoedvaldomagalhaes.com.br\/wp-content\/uploads\/2020\/04\/IMG-20200411-WA0134-768x1024.jpg\" alt=\"\" class=\"wp-image-54028\" srcset=\"https:\/\/blogdoedvaldomagalhaes.com.br\/wp-content\/uploads\/2020\/04\/IMG-20200411-WA0134-768x1024.jpg 768w, https:\/\/blogdoedvaldomagalhaes.com.br\/wp-content\/uploads\/2020\/04\/IMG-20200411-WA0134-225x300.jpg 225w, https:\/\/blogdoedvaldomagalhaes.com.br\/wp-content\/uploads\/2020\/04\/IMG-20200411-WA0134.jpg 960w\" sizes=\"auto, (max-width: 768px) 100vw, 768px\" \/><\/figure>\n\n\n\n<figure class=\"wp-block-image size-large\"><img loading=\"lazy\" decoding=\"async\" width=\"768\" height=\"1024\" src=\"http:\/\/blogdoedvaldomagalhaes.com.br\/wp-content\/uploads\/2020\/04\/IMG-20200411-WA0137-768x1024.jpg\" alt=\"\" class=\"wp-image-54029\" srcset=\"https:\/\/blogdoedvaldomagalhaes.com.br\/wp-content\/uploads\/2020\/04\/IMG-20200411-WA0137-768x1024.jpg 768w, https:\/\/blogdoedvaldomagalhaes.com.br\/wp-content\/uploads\/2020\/04\/IMG-20200411-WA0137-225x300.jpg 225w, https:\/\/blogdoedvaldomagalhaes.com.br\/wp-content\/uploads\/2020\/04\/IMG-20200411-WA0137.jpg 960w\" sizes=\"auto, (max-width: 768px) 100vw, 768px\" \/><\/figure>\n\n\n\n<figure class=\"wp-block-image size-large\"><img loading=\"lazy\" decoding=\"async\" width=\"768\" height=\"1024\" src=\"http:\/\/blogdoedvaldomagalhaes.com.br\/wp-content\/uploads\/2020\/04\/IMG-20200411-WA0138-768x1024.jpg\" alt=\"\" class=\"wp-image-54030\" srcset=\"https:\/\/blogdoedvaldomagalhaes.com.br\/wp-content\/uploads\/2020\/04\/IMG-20200411-WA0138-768x1024.jpg 768w, https:\/\/blogdoedvaldomagalhaes.com.br\/wp-content\/uploads\/2020\/04\/IMG-20200411-WA0138-225x300.jpg 225w, https:\/\/blogdoedvaldomagalhaes.com.br\/wp-content\/uploads\/2020\/04\/IMG-20200411-WA0138.jpg 960w\" sizes=\"auto, (max-width: 768px) 100vw, 768px\" \/><\/figure>\n","protected":false},"excerpt":{"rendered":"<p>NOTA A Secretaria de Educa\u00e7\u00e3o de Caruaru informa que foi necess\u00e1rio alterar a agenda de entregas dos kits alimentares. As&hellip;<\/p>\n","protected":false},"author":1,"featured_media":54026,"comment_status":"open","ping_status":"open","sticky":false,"template":"","format":"standard","meta":{"footnotes":""},"categories":[14120],"tags":[2,16881,17800],"class_list":["post-54025","post","type-post","status-publish","format-standard","has-post-thumbnail","hentry","category-noticias","tag-blog-do-edvaldo-magalhaes","tag-caruaru-e-regiao","tag-secretaria-de-educacao-de-caruaru-altera-a-agenda-de-entregas-dos-kits-alimentares"],"_links":{"self":[{"href":"https:\/\/blogdoedvaldomagalhaes.com.br\/index.php\/wp-json\/wp\/v2\/posts\/54025","targetHints":{"allow":["GET"]}}],"collection":[{"href":"https:\/\/blogdoedvaldomagalhaes.com.br\/index.php\/wp-json\/wp\/v2\/posts"}],"about":[{"href":"https:\/\/blogdoedvaldomagalhaes.com.br\/index.php\/wp-json\/wp\/v2\/types\/post"}],"author":[{"embeddable":true,"href":"https:\/\/blogdoedvaldomagalhaes.com.br\/index.php\/wp-json\/wp\/v2\/users\/1"}],"replies":[{"embeddable":true,"href":"https:\/\/blogdoedvaldomagalhaes.com.br\/index.php\/wp-json\/wp\/v2\/comments?post=54025"}],"version-history":[{"count":1,"href":"https:\/\/blogdoedvaldomagalhaes.com.br\/index.php\/wp-json\/wp\/v2\/posts\/54025\/revisions"}],"predecessor-version":[{"id":54031,"href":"https:\/\/blogdoedvaldomagalhaes.com.br\/index.php\/wp-json\/wp\/v2\/posts\/54025\/revisions\/54031"}],"wp:featuredmedia":[{"embeddable":true,"href":"https:\/\/blogdoedvaldomagalhaes.com.br\/index.php\/wp-json\/wp\/v2\/media\/54026"}],"wp:attachment":[{"href":"https:\/\/blogdoedvaldomagalhaes.com.br\/index.php\/wp-json\/wp\/v2\/media?parent=54025"}],"wp:term":[{"taxonomy":"category","embeddable":true,"href":"https:\/\/blogdoedvaldomagalhaes.com.br\/index.php\/wp-json\/wp\/v2\/categories?post=54025"},{"taxonomy":"post_tag","embeddable":true,"href":"https:\/\/blogdoedvaldomagalhaes.com.br\/index.php\/wp-json\/wp\/v2\/tags?post=54025"}],"curies":[{"name":"wp","href":"https:\/\/api.w.org\/{rel}","templated":true}]}}