{"id":54014,"date":"2020-04-11T11:06:00","date_gmt":"2020-04-11T14:06:00","guid":{"rendered":"http:\/\/blogdoedvaldomagalhaes.com.br\/?p=54014"},"modified":"2020-04-11T19:48:13","modified_gmt":"2020-04-11T22:48:13","slug":"morre-presidente-da-camara-de-sao-lourenco-com-suspeita-do-covid-19","status":"publish","type":"post","link":"https:\/\/blogdoedvaldomagalhaes.com.br\/index.php\/2020\/04\/11\/morre-presidente-da-camara-de-sao-lourenco-com-suspeita-do-covid-19\/","title":{"rendered":"Morre presidente da C\u00e2mara de S\u00e3o Louren\u00e7o com suspeita do Covid-19"},"content":{"rendered":"<p style=\"text-align: justify;\">O presidente da C\u00e2mara de Vereadores de S\u00e3o Louren\u00e7o da Mata, vereador C\u00edcero Pinheiro (PTB), morreu na madrugada de hoje (11). Segundo informa\u00e7\u00f5es de sua assessoria ele foi v\u00edtima do Coronav\u00edrus.<\/p>\n<p style=\"text-align: justify;\">Ele estava internado no Hospital da Pol\u00edcia Militar desde da \u00faltima ter\u00e7a-feira (07). Ele era casado, policial militar reformado e deixa esposa e 3 filhos.<\/p>\n<p style=\"text-align: justify;\">Natural do Estado de S\u00e3o Paulo e morador de S\u00e3o Louren\u00e7o da Mata h\u00e1 35 anos, Cicero Pinheiro dos Santos Junior, nasceu em 07 de junho de 1977. Estava com 42 anos, casado, evang\u00e9lico e pai de tr\u00eas filhos, residia no bairro de Ti\u00fama. Eleito no pleito de 2016, pelo Partido Trabalhista Brasileiro (PTB), com 850 votos para assumir uma das cadeiras do Legislativo Municipal, C\u00edcero foi 1\u00ba Secret\u00e1rio da Mesa Diretora, bi\u00eanio 2017\/2018, e depois foi eleito presidente da C\u00e2mara Municipal de S\u00e3o Louren\u00e7o da Mata, para o bi\u00eanio 2019\/2020. Al\u00e9m de vereador, C\u00edcero Pinheiro tamb\u00e9m era professor e policial militar da reserva.<\/p>\n","protected":false},"excerpt":{"rendered":"<p>O presidente da C\u00e2mara de Vereadores de S\u00e3o Louren\u00e7o da Mata, vereador C\u00edcero Pinheiro (PTB), morreu na madrugada de hoje&hellip;<\/p>\n","protected":false},"author":1,"featured_media":54015,"comment_status":"open","ping_status":"open","sticky":false,"template":"","format":"standard","meta":{"footnotes":""},"categories":[14120],"tags":[2,16881,17797],"class_list":["post-54014","post","type-post","status-publish","format-standard","has-post-thumbnail","hentry","category-noticias","tag-blog-do-edvaldo-magalhaes","tag-caruaru-e-regiao","tag-morre-presidente-da-camara-de-sao-lourenco-com-suspeita-do-covid-19"],"_links":{"self":[{"href":"https:\/\/blogdoedvaldomagalhaes.com.br\/index.php\/wp-json\/wp\/v2\/posts\/54014","targetHints":{"allow":["GET"]}}],"collection":[{"href":"https:\/\/blogdoedvaldomagalhaes.com.br\/index.php\/wp-json\/wp\/v2\/posts"}],"about":[{"href":"https:\/\/blogdoedvaldomagalhaes.com.br\/index.php\/wp-json\/wp\/v2\/types\/post"}],"author":[{"embeddable":true,"href":"https:\/\/blogdoedvaldomagalhaes.com.br\/index.php\/wp-json\/wp\/v2\/users\/1"}],"replies":[{"embeddable":true,"href":"https:\/\/blogdoedvaldomagalhaes.com.br\/index.php\/wp-json\/wp\/v2\/comments?post=54014"}],"version-history":[{"count":4,"href":"https:\/\/blogdoedvaldomagalhaes.com.br\/index.php\/wp-json\/wp\/v2\/posts\/54014\/revisions"}],"predecessor-version":[{"id":54051,"href":"https:\/\/blogdoedvaldomagalhaes.com.br\/index.php\/wp-json\/wp\/v2\/posts\/54014\/revisions\/54051"}],"wp:featuredmedia":[{"embeddable":true,"href":"https:\/\/blogdoedvaldomagalhaes.com.br\/index.php\/wp-json\/wp\/v2\/media\/54015"}],"wp:attachment":[{"href":"https:\/\/blogdoedvaldomagalhaes.com.br\/index.php\/wp-json\/wp\/v2\/media?parent=54014"}],"wp:term":[{"taxonomy":"category","embeddable":true,"href":"https:\/\/blogdoedvaldomagalhaes.com.br\/index.php\/wp-json\/wp\/v2\/categories?post=54014"},{"taxonomy":"post_tag","embeddable":true,"href":"https:\/\/blogdoedvaldomagalhaes.com.br\/index.php\/wp-json\/wp\/v2\/tags?post=54014"}],"curies":[{"name":"wp","href":"https:\/\/api.w.org\/{rel}","templated":true}]}}