{"id":54009,"date":"2020-04-11T10:20:41","date_gmt":"2020-04-11T13:20:41","guid":{"rendered":"http:\/\/blogdoedvaldomagalhaes.com.br\/?p=54009"},"modified":"2020-04-11T10:20:49","modified_gmt":"2020-04-11T13:20:49","slug":"foragido-deixa-filho-em-carro-roubado-para-nao-ser-preso-em-garanhuns","status":"publish","type":"post","link":"https:\/\/blogdoedvaldomagalhaes.com.br\/index.php\/2020\/04\/11\/foragido-deixa-filho-em-carro-roubado-para-nao-ser-preso-em-garanhuns\/","title":{"rendered":"Foragido deixa filho em carro roubado para n\u00e3o ser preso em Garanhuns"},"content":{"rendered":"<p style=\"text-align: justify;\"><span style=\"font-size: inherit;\">Um foragido do sistema prisional deixou o filho de oito anos de idade em uma caminhonete roubada, neste s\u00e1bado (10), para n\u00e3o ser preso pela Pol\u00edcia Rodovi\u00e1ria Federal (PRF), em Garanhuns, no Agreste de Pernambuco. O homem era procurado desde 18 de mar\u00e7o deste ano, ap\u00f3s n\u00e3o ter retornado de uma sa\u00edda tempor\u00e1ria do pres\u00eddio de Canhotinho, tamb\u00e9m no Agreste.<\/span><\/p>\n<p style=\"text-align: justify;\">Policiais realizavam uma ronda no per\u00edmetro urbano de Garanhuns, quando avistaram uma caminhonete com suspeita de roubo. Foi realizado um acompanhamento por oito quil\u00f4metros, at\u00e9 que o homem perdeu o controle da dire\u00e7\u00e3o, abandonou o ve\u00edculo e correu para uma \u00e1rea de mata.<\/p>\n<p style=\"text-align: justify;\">Dentro do autom\u00f3vel havia uma mulher, que informou ser a namorada do fugitivo, e um menino que foi identificado como filho dele. Ap\u00f3s consulta, foi constatado que a caminhonete havia sido roubada no dia 30 de mar\u00e7o deste ano, em Altinho, no Agreste.<\/p>\n<p style=\"text-align: justify;\">O ve\u00edculo e a passageira foram encaminhados \u00e0 delegacia de Pol\u00edcia Civil de Garanhuns. O Conselho Tutelar do munic\u00edpio foi acionado para acolher a crian\u00e7a.<\/p>\n\n\n<figure class=\"wp-block-image size-large\"><img loading=\"lazy\" decoding=\"async\" width=\"1024\" height=\"576\" src=\"http:\/\/blogdoedvaldomagalhaes.com.br\/wp-content\/uploads\/2020\/04\/IMG-20200411-WA0011-1024x576.jpg\" alt=\"\" class=\"wp-image-54011\" srcset=\"https:\/\/blogdoedvaldomagalhaes.com.br\/wp-content\/uploads\/2020\/04\/IMG-20200411-WA0011-1024x576.jpg 1024w, https:\/\/blogdoedvaldomagalhaes.com.br\/wp-content\/uploads\/2020\/04\/IMG-20200411-WA0011-300x169.jpg 300w, https:\/\/blogdoedvaldomagalhaes.com.br\/wp-content\/uploads\/2020\/04\/IMG-20200411-WA0011-768x432.jpg 768w, https:\/\/blogdoedvaldomagalhaes.com.br\/wp-content\/uploads\/2020\/04\/IMG-20200411-WA0011-720x405.jpg 720w, https:\/\/blogdoedvaldomagalhaes.com.br\/wp-content\/uploads\/2020\/04\/IMG-20200411-WA0011.jpg 1040w\" sizes=\"auto, (max-width: 1024px) 100vw, 1024px\" \/><\/figure>\n\n\n\n<figure class=\"wp-block-image size-large\"><img loading=\"lazy\" decoding=\"async\" width=\"1024\" height=\"576\" src=\"http:\/\/blogdoedvaldomagalhaes.com.br\/wp-content\/uploads\/2020\/04\/IMG-20200411-WA0013-1024x576.jpg\" alt=\"\" class=\"wp-image-54012\" srcset=\"https:\/\/blogdoedvaldomagalhaes.com.br\/wp-content\/uploads\/2020\/04\/IMG-20200411-WA0013-1024x576.jpg 1024w, https:\/\/blogdoedvaldomagalhaes.com.br\/wp-content\/uploads\/2020\/04\/IMG-20200411-WA0013-300x169.jpg 300w, https:\/\/blogdoedvaldomagalhaes.com.br\/wp-content\/uploads\/2020\/04\/IMG-20200411-WA0013-768x432.jpg 768w, https:\/\/blogdoedvaldomagalhaes.com.br\/wp-content\/uploads\/2020\/04\/IMG-20200411-WA0013-1140x641.jpg 1140w, https:\/\/blogdoedvaldomagalhaes.com.br\/wp-content\/uploads\/2020\/04\/IMG-20200411-WA0013-720x405.jpg 720w, https:\/\/blogdoedvaldomagalhaes.com.br\/wp-content\/uploads\/2020\/04\/IMG-20200411-WA0013.jpg 1152w\" sizes=\"auto, (max-width: 1024px) 100vw, 1024px\" \/><figcaption>Fotos: PRF\/Divulga\u00e7\u00e3o<\/figcaption><\/figure>\n","protected":false},"excerpt":{"rendered":"<p>Um foragido do sistema prisional deixou o filho de oito anos de idade em uma caminhonete roubada, neste s\u00e1bado (10),&hellip;<\/p>\n","protected":false},"author":1,"featured_media":54010,"comment_status":"open","ping_status":"open","sticky":false,"template":"","format":"standard","meta":{"footnotes":""},"categories":[14121],"tags":[2,16881,17796],"class_list":["post-54009","post","type-post","status-publish","format-standard","has-post-thumbnail","hentry","category-policial","tag-blog-do-edvaldo-magalhaes","tag-caruaru-e-regiao","tag-foragido-deixa-filho-em-carro-roubado-para-nao-ser-preso-em-garanhuns"],"_links":{"self":[{"href":"https:\/\/blogdoedvaldomagalhaes.com.br\/index.php\/wp-json\/wp\/v2\/posts\/54009","targetHints":{"allow":["GET"]}}],"collection":[{"href":"https:\/\/blogdoedvaldomagalhaes.com.br\/index.php\/wp-json\/wp\/v2\/posts"}],"about":[{"href":"https:\/\/blogdoedvaldomagalhaes.com.br\/index.php\/wp-json\/wp\/v2\/types\/post"}],"author":[{"embeddable":true,"href":"https:\/\/blogdoedvaldomagalhaes.com.br\/index.php\/wp-json\/wp\/v2\/users\/1"}],"replies":[{"embeddable":true,"href":"https:\/\/blogdoedvaldomagalhaes.com.br\/index.php\/wp-json\/wp\/v2\/comments?post=54009"}],"version-history":[{"count":1,"href":"https:\/\/blogdoedvaldomagalhaes.com.br\/index.php\/wp-json\/wp\/v2\/posts\/54009\/revisions"}],"predecessor-version":[{"id":54013,"href":"https:\/\/blogdoedvaldomagalhaes.com.br\/index.php\/wp-json\/wp\/v2\/posts\/54009\/revisions\/54013"}],"wp:featuredmedia":[{"embeddable":true,"href":"https:\/\/blogdoedvaldomagalhaes.com.br\/index.php\/wp-json\/wp\/v2\/media\/54010"}],"wp:attachment":[{"href":"https:\/\/blogdoedvaldomagalhaes.com.br\/index.php\/wp-json\/wp\/v2\/media?parent=54009"}],"wp:term":[{"taxonomy":"category","embeddable":true,"href":"https:\/\/blogdoedvaldomagalhaes.com.br\/index.php\/wp-json\/wp\/v2\/categories?post=54009"},{"taxonomy":"post_tag","embeddable":true,"href":"https:\/\/blogdoedvaldomagalhaes.com.br\/index.php\/wp-json\/wp\/v2\/tags?post=54009"}],"curies":[{"name":"wp","href":"https:\/\/api.w.org\/{rel}","templated":true}]}}