{"id":54005,"date":"2020-04-11T09:58:05","date_gmt":"2020-04-11T12:58:05","guid":{"rendered":"http:\/\/blogdoedvaldomagalhaes.com.br\/?p=54005"},"modified":"2020-04-11T18:09:15","modified_gmt":"2020-04-11T21:09:15","slug":"jovem-de-19-anos-e-assassinado-em-caruaru","status":"publish","type":"post","link":"https:\/\/blogdoedvaldomagalhaes.com.br\/index.php\/2020\/04\/11\/jovem-de-19-anos-e-assassinado-em-caruaru\/","title":{"rendered":"Jovem de 19 anos \u00e9 assassinado em Caruaru"},"content":{"rendered":"<p style=\"text-align: justify;\">O jovem Danilo Jos\u00e9 da Luz Sereno, de 19 anos, foi assassinado no Riacho Moc\u00f3, entre entre os bairros Jardim Panorama e Severino Afonso, em Caruaru, Agreste de Pernambuco, na madrugada deste s\u00e1bado (11). Os peritos criminais encontraram duas perfura\u00e7\u00f5es a vala e algumas les\u00f5es provocadas por golpes de faca. A v\u00edtima era natural de Amaraji, morou em Ribeir\u00e3o e estava h\u00e1 pouco tempo em Caruaru. Familiares contaram que a vitima n\u00e3o teve passagem pela pol\u00edcia.<\/p>\n<p style=\"text-align: justify;\">Este \u00e9 o 4\u00ba homic\u00eddio do m\u00eas de abril no munic\u00edpio. De janeiro at\u00e9 agora s\u00e3o 39 assassinatos.<\/p>\n<p>Foto: Renan da Funer\u00e1ria\/Cortesia.<\/p>\n\n\n<figure class=\"wp-block-image size-large\"><img loading=\"lazy\" decoding=\"async\" width=\"199\" height=\"256\" src=\"http:\/\/blogdoedvaldomagalhaes.com.br\/wp-content\/uploads\/2020\/04\/IMG-20200411-WA0129.jpg\" alt=\"\" class=\"wp-image-54023\"\/><figcaption>V\u00edtima<\/figcaption><\/figure>\n","protected":false},"excerpt":{"rendered":"<p>O jovem Danilo Jos\u00e9 da Luz Sereno, de 19 anos, foi assassinado no Riacho Moc\u00f3, entre entre os bairros Jardim&hellip;<\/p>\n","protected":false},"author":1,"featured_media":54006,"comment_status":"open","ping_status":"open","sticky":false,"template":"","format":"standard","meta":{"footnotes":""},"categories":[14121],"tags":[2,16881,17795],"class_list":["post-54005","post","type-post","status-publish","format-standard","has-post-thumbnail","hentry","category-policial","tag-blog-do-edvaldo-magalhaes","tag-caruaru-e-regiao","tag-jovem-de-19-anos-e-assassinado-em-caruaru"],"_links":{"self":[{"href":"https:\/\/blogdoedvaldomagalhaes.com.br\/index.php\/wp-json\/wp\/v2\/posts\/54005","targetHints":{"allow":["GET"]}}],"collection":[{"href":"https:\/\/blogdoedvaldomagalhaes.com.br\/index.php\/wp-json\/wp\/v2\/posts"}],"about":[{"href":"https:\/\/blogdoedvaldomagalhaes.com.br\/index.php\/wp-json\/wp\/v2\/types\/post"}],"author":[{"embeddable":true,"href":"https:\/\/blogdoedvaldomagalhaes.com.br\/index.php\/wp-json\/wp\/v2\/users\/1"}],"replies":[{"embeddable":true,"href":"https:\/\/blogdoedvaldomagalhaes.com.br\/index.php\/wp-json\/wp\/v2\/comments?post=54005"}],"version-history":[{"count":4,"href":"https:\/\/blogdoedvaldomagalhaes.com.br\/index.php\/wp-json\/wp\/v2\/posts\/54005\/revisions"}],"predecessor-version":[{"id":54041,"href":"https:\/\/blogdoedvaldomagalhaes.com.br\/index.php\/wp-json\/wp\/v2\/posts\/54005\/revisions\/54041"}],"wp:featuredmedia":[{"embeddable":true,"href":"https:\/\/blogdoedvaldomagalhaes.com.br\/index.php\/wp-json\/wp\/v2\/media\/54006"}],"wp:attachment":[{"href":"https:\/\/blogdoedvaldomagalhaes.com.br\/index.php\/wp-json\/wp\/v2\/media?parent=54005"}],"wp:term":[{"taxonomy":"category","embeddable":true,"href":"https:\/\/blogdoedvaldomagalhaes.com.br\/index.php\/wp-json\/wp\/v2\/categories?post=54005"},{"taxonomy":"post_tag","embeddable":true,"href":"https:\/\/blogdoedvaldomagalhaes.com.br\/index.php\/wp-json\/wp\/v2\/tags?post=54005"}],"curies":[{"name":"wp","href":"https:\/\/api.w.org\/{rel}","templated":true}]}}