{"id":54000,"date":"2020-04-11T09:28:40","date_gmt":"2020-04-11T12:28:40","guid":{"rendered":"http:\/\/blogdoedvaldomagalhaes.com.br\/?p=54000"},"modified":"2020-04-11T09:40:51","modified_gmt":"2020-04-11T12:40:51","slug":"corpo-do-ex-atleta-do-porto-que-morreu-afogado-sera-sepultado-neste-sabado-11","status":"publish","type":"post","link":"https:\/\/blogdoedvaldomagalhaes.com.br\/index.php\/2020\/04\/11\/corpo-do-ex-atleta-do-porto-que-morreu-afogado-sera-sepultado-neste-sabado-11\/","title":{"rendered":"Corpo do ex-atleta do Porto que morreu afogado, ser\u00e1 sepultado neste s\u00e1bado (11)"},"content":{"rendered":"<p style=\"text-align: justify;\">Na manh\u00e3 dessa sexta-feira (10), uma equipe do 2\u00b0GB do Corpo de Bombeiros Militar de Pernambuco, formada pelos mergulhadores sargento Quaresma, Alysson e o Cabo Clemerson, localizou o corpo do ex-lateral esquerdo do Clube Atl\u00e9tico do Porto, Wendell Martins Silva, de 36 anos de idade, em um a\u00e7ude nas proximidades da Bica do Tambor, em Terra Vermelha, zona rural do munic\u00edpio de Caruaru.<\/p>\n<p style=\"text-align: justify;\">Geraldo do Porto disse a nossa reportagem que estava com Wendell e outro genro no reservat\u00f3rio de \u00e1gua para pescar, quando se afastou, a v\u00edtima mergulhou e desapareceu, por volta das 10h da manh\u00e3. A equipe do 2\u00b0GB encontrou o corpo ap\u00f3s alguns mergulhos na localidade. O corpo foi encaminhado para o IML de Caruaru ap\u00f3s o procedimento cadav\u00e9rico.<\/p>\n<p style=\"text-align: justify;\">O vel\u00f3rio est\u00e1 ocorrendo na sala 4 do Cemit\u00e9rio Parque dos Arcos. O sepultamento ser\u00e1 \u00e0s 13h30 deste s\u00e1bado (11), no mesmo campo santo.<\/p>\n<p style=\"text-align: justify;\">Por Kalebe Pereira.<\/p>\n","protected":false},"excerpt":{"rendered":"<p>Na manh\u00e3 dessa sexta-feira (10), uma equipe do 2\u00b0GB do Corpo de Bombeiros Militar de Pernambuco, formada pelos mergulhadores sargento&hellip;<\/p>\n","protected":false},"author":1,"featured_media":53993,"comment_status":"open","ping_status":"open","sticky":false,"template":"","format":"standard","meta":{"footnotes":""},"categories":[14120],"tags":[2,16881,17793,17794],"class_list":["post-54000","post","type-post","status-publish","format-standard","has-post-thumbnail","hentry","category-noticias","tag-blog-do-edvaldo-magalhaes","tag-caruaru-e-regiao","tag-corpo-do-ex-atleta-do-porto-que-morreu-afogado","tag-sera-sepultado-neste-sabado-11"],"_links":{"self":[{"href":"https:\/\/blogdoedvaldomagalhaes.com.br\/index.php\/wp-json\/wp\/v2\/posts\/54000","targetHints":{"allow":["GET"]}}],"collection":[{"href":"https:\/\/blogdoedvaldomagalhaes.com.br\/index.php\/wp-json\/wp\/v2\/posts"}],"about":[{"href":"https:\/\/blogdoedvaldomagalhaes.com.br\/index.php\/wp-json\/wp\/v2\/types\/post"}],"author":[{"embeddable":true,"href":"https:\/\/blogdoedvaldomagalhaes.com.br\/index.php\/wp-json\/wp\/v2\/users\/1"}],"replies":[{"embeddable":true,"href":"https:\/\/blogdoedvaldomagalhaes.com.br\/index.php\/wp-json\/wp\/v2\/comments?post=54000"}],"version-history":[{"count":2,"href":"https:\/\/blogdoedvaldomagalhaes.com.br\/index.php\/wp-json\/wp\/v2\/posts\/54000\/revisions"}],"predecessor-version":[{"id":54004,"href":"https:\/\/blogdoedvaldomagalhaes.com.br\/index.php\/wp-json\/wp\/v2\/posts\/54000\/revisions\/54004"}],"wp:featuredmedia":[{"embeddable":true,"href":"https:\/\/blogdoedvaldomagalhaes.com.br\/index.php\/wp-json\/wp\/v2\/media\/53993"}],"wp:attachment":[{"href":"https:\/\/blogdoedvaldomagalhaes.com.br\/index.php\/wp-json\/wp\/v2\/media?parent=54000"}],"wp:term":[{"taxonomy":"category","embeddable":true,"href":"https:\/\/blogdoedvaldomagalhaes.com.br\/index.php\/wp-json\/wp\/v2\/categories?post=54000"},{"taxonomy":"post_tag","embeddable":true,"href":"https:\/\/blogdoedvaldomagalhaes.com.br\/index.php\/wp-json\/wp\/v2\/tags?post=54000"}],"curies":[{"name":"wp","href":"https:\/\/api.w.org\/{rel}","templated":true}]}}