{"id":53987,"date":"2020-04-10T19:36:14","date_gmt":"2020-04-10T22:36:14","guid":{"rendered":"http:\/\/blogdoedvaldomagalhaes.com.br\/?p=53987"},"modified":"2020-04-10T22:14:20","modified_gmt":"2020-04-11T01:14:20","slug":"secretaria-de-saude-de-sao-caitano-divulga-o-1-caso-de-covid-19","status":"publish","type":"post","link":"https:\/\/blogdoedvaldomagalhaes.com.br\/index.php\/2020\/04\/10\/secretaria-de-saude-de-sao-caitano-divulga-o-1-caso-de-covid-19\/","title":{"rendered":"Secretaria de Sa\u00fade de S\u00e3o Caitano divulga o 1\u00b0 caso de Covid-19"},"content":{"rendered":"<p style=\"text-align: justify;\"><span style=\"font-size: inherit;\">A Prefeitura de S\u00e3o Caetano, por meio da Secretaria de Sa\u00fade, confirmou nesta sexta-feira (10), o primeiro caso de Coronavirus (Covid-19) no munic\u00edpio, que tem casos notificados e, como o protocolo do Minist\u00e9rio da Sa\u00fade recomenda o acompanhamento de todos, a equipe de Vigil\u00e2ncia em Sa\u00fade j\u00e1 realizou todas as orienta\u00e7\u00f5es cab\u00edveis ao paciente positivo.<\/span><span style=\"font-size: inherit;\">s<\/span><\/p>\n<p style=\"text-align: justify;\"><span style=\"font-size: inherit;\">A Secretaria de Sa\u00fade solicitar \u00e0 popula\u00e7\u00e3o que siga as orienta\u00e7\u00f5es de isolamento social, atentando para os cuidados de higiene e o cumprimento da quarentena, al\u00e9m das orienta\u00e7\u00f5es das autoridades sanit\u00e1rias.<\/span><\/p>\n\n\n<figure class=\"wp-block-image size-large\"><img loading=\"lazy\" decoding=\"async\" width=\"1024\" height=\"1024\" src=\"http:\/\/blogdoedvaldomagalhaes.com.br\/wp-content\/uploads\/2020\/04\/FB_IMG_1586567856009-1024x1024.jpg\" alt=\"\" class=\"wp-image-53990\" srcset=\"https:\/\/blogdoedvaldomagalhaes.com.br\/wp-content\/uploads\/2020\/04\/FB_IMG_1586567856009-1024x1024.jpg 1024w, https:\/\/blogdoedvaldomagalhaes.com.br\/wp-content\/uploads\/2020\/04\/FB_IMG_1586567856009-300x300.jpg 300w, https:\/\/blogdoedvaldomagalhaes.com.br\/wp-content\/uploads\/2020\/04\/FB_IMG_1586567856009-150x150.jpg 150w, https:\/\/blogdoedvaldomagalhaes.com.br\/wp-content\/uploads\/2020\/04\/FB_IMG_1586567856009-768x768.jpg 768w, https:\/\/blogdoedvaldomagalhaes.com.br\/wp-content\/uploads\/2020\/04\/FB_IMG_1586567856009.jpg 1080w\" sizes=\"auto, (max-width: 1024px) 100vw, 1024px\" \/><\/figure>\n","protected":false},"excerpt":{"rendered":"<p>A Prefeitura de S\u00e3o Caetano, por meio da Secretaria de Sa\u00fade, confirmou nesta sexta-feira (10), o primeiro caso de Coronavirus&hellip;<\/p>\n","protected":false},"author":1,"featured_media":53988,"comment_status":"open","ping_status":"open","sticky":false,"template":"","format":"standard","meta":{"footnotes":""},"categories":[14120],"tags":[2,16881,17791],"class_list":["post-53987","post","type-post","status-publish","format-standard","has-post-thumbnail","hentry","category-noticias","tag-blog-do-edvaldo-magalhaes","tag-caruaru-e-regiao","tag-secretaria-de-saude-de-sao-caitano-divulga-o-1-caso-de-covid-19"],"_links":{"self":[{"href":"https:\/\/blogdoedvaldomagalhaes.com.br\/index.php\/wp-json\/wp\/v2\/posts\/53987","targetHints":{"allow":["GET"]}}],"collection":[{"href":"https:\/\/blogdoedvaldomagalhaes.com.br\/index.php\/wp-json\/wp\/v2\/posts"}],"about":[{"href":"https:\/\/blogdoedvaldomagalhaes.com.br\/index.php\/wp-json\/wp\/v2\/types\/post"}],"author":[{"embeddable":true,"href":"https:\/\/blogdoedvaldomagalhaes.com.br\/index.php\/wp-json\/wp\/v2\/users\/1"}],"replies":[{"embeddable":true,"href":"https:\/\/blogdoedvaldomagalhaes.com.br\/index.php\/wp-json\/wp\/v2\/comments?post=53987"}],"version-history":[{"count":2,"href":"https:\/\/blogdoedvaldomagalhaes.com.br\/index.php\/wp-json\/wp\/v2\/posts\/53987\/revisions"}],"predecessor-version":[{"id":53991,"href":"https:\/\/blogdoedvaldomagalhaes.com.br\/index.php\/wp-json\/wp\/v2\/posts\/53987\/revisions\/53991"}],"wp:featuredmedia":[{"embeddable":true,"href":"https:\/\/blogdoedvaldomagalhaes.com.br\/index.php\/wp-json\/wp\/v2\/media\/53988"}],"wp:attachment":[{"href":"https:\/\/blogdoedvaldomagalhaes.com.br\/index.php\/wp-json\/wp\/v2\/media?parent=53987"}],"wp:term":[{"taxonomy":"category","embeddable":true,"href":"https:\/\/blogdoedvaldomagalhaes.com.br\/index.php\/wp-json\/wp\/v2\/categories?post=53987"},{"taxonomy":"post_tag","embeddable":true,"href":"https:\/\/blogdoedvaldomagalhaes.com.br\/index.php\/wp-json\/wp\/v2\/tags?post=53987"}],"curies":[{"name":"wp","href":"https:\/\/api.w.org\/{rel}","templated":true}]}}