{"id":53977,"date":"2020-04-10T16:46:34","date_gmt":"2020-04-10T19:46:34","guid":{"rendered":"http:\/\/blogdoedvaldomagalhaes.com.br\/?p=53977"},"modified":"2020-04-10T16:54:51","modified_gmt":"2020-04-10T19:54:51","slug":"secretaria-de-saude-de-caruaru-adquire-testes-rapidos-para-covid-19","status":"publish","type":"post","link":"https:\/\/blogdoedvaldomagalhaes.com.br\/index.php\/2020\/04\/10\/secretaria-de-saude-de-caruaru-adquire-testes-rapidos-para-covid-19\/","title":{"rendered":"Secretaria de Sa\u00fade de Caruaru adquire testes r\u00e1pidos para Covid-19"},"content":{"rendered":"<p style=\"text-align: justify;\">A Secretaria de Sa\u00fade de Caruaru adquiriu testes r\u00e1pidos para verificar o novo coronav\u00edrus. Eles ser\u00e3o destinados aos profissionais de sa\u00fade que est\u00e3o na linha de frente no cuidado a pacientes com suspeita de covid-19, em especial aos das UPAs e Hospital Manoel Afonso. Nesta primeira remessa vieram 800 testes e outros 1.600 devem chegar nos pr\u00f3ximos 15 dias.<\/p>\n<p style=\"text-align: justify;\">Os profissionais de sa\u00fade eleg\u00edveis para fazer o teste ser\u00e3o aqueles que tiveram s\u00edndrome gripal (quadro respirat\u00f3rio agudo, caracterizado por sensa\u00e7\u00e3o febril ou febre, mesmo que relatada, acompanhada de tosse ou dor de garganta ou coriza ou dificuldade de respirar) e est\u00e3o afastados de suas atividades por esse motivo.<\/p>\n<p style=\"text-align: justify;\">Os testes ser\u00e3o realizados entre 10 a 14 dias ap\u00f3s o in\u00edcio dos sintomas, para aumentar a sensibilidade do teste. Os profissionais de sa\u00fade que est\u00e3o apresentando sintomas a partir desta semana poder\u00e3o realizar o teste RT-PCR a partir do protocolo da Secretaria Estadual de Sa\u00fade.<\/p>\n<p style=\"text-align: justify;\">As pessoas com s\u00edndrome respirat\u00f3ria aguda grave tamb\u00e9m est\u00e3o sendo testadas a partir de protocolos j\u00e1 estabelecidos.<\/p>\n<p>Foto: Divulga\u00e7\u00e3o.<\/p>\n\n\n<p><\/p>\n","protected":false},"excerpt":{"rendered":"<p>A Secretaria de Sa\u00fade de Caruaru adquiriu testes r\u00e1pidos para verificar o novo coronav\u00edrus. Eles ser\u00e3o destinados aos profissionais de&hellip;<\/p>\n","protected":false},"author":1,"featured_media":53981,"comment_status":"open","ping_status":"open","sticky":false,"template":"","format":"standard","meta":{"footnotes":""},"categories":[14120],"tags":[2,16881,17790],"class_list":["post-53977","post","type-post","status-publish","format-standard","has-post-thumbnail","hentry","category-noticias","tag-blog-do-edvaldo-magalhaes","tag-caruaru-e-regiao","tag-secretaria-de-saude-de-caruaru-adquire-testes-rapidos-para-covid-19"],"_links":{"self":[{"href":"https:\/\/blogdoedvaldomagalhaes.com.br\/index.php\/wp-json\/wp\/v2\/posts\/53977","targetHints":{"allow":["GET"]}}],"collection":[{"href":"https:\/\/blogdoedvaldomagalhaes.com.br\/index.php\/wp-json\/wp\/v2\/posts"}],"about":[{"href":"https:\/\/blogdoedvaldomagalhaes.com.br\/index.php\/wp-json\/wp\/v2\/types\/post"}],"author":[{"embeddable":true,"href":"https:\/\/blogdoedvaldomagalhaes.com.br\/index.php\/wp-json\/wp\/v2\/users\/1"}],"replies":[{"embeddable":true,"href":"https:\/\/blogdoedvaldomagalhaes.com.br\/index.php\/wp-json\/wp\/v2\/comments?post=53977"}],"version-history":[{"count":4,"href":"https:\/\/blogdoedvaldomagalhaes.com.br\/index.php\/wp-json\/wp\/v2\/posts\/53977\/revisions"}],"predecessor-version":[{"id":53982,"href":"https:\/\/blogdoedvaldomagalhaes.com.br\/index.php\/wp-json\/wp\/v2\/posts\/53977\/revisions\/53982"}],"wp:featuredmedia":[{"embeddable":true,"href":"https:\/\/blogdoedvaldomagalhaes.com.br\/index.php\/wp-json\/wp\/v2\/media\/53981"}],"wp:attachment":[{"href":"https:\/\/blogdoedvaldomagalhaes.com.br\/index.php\/wp-json\/wp\/v2\/media?parent=53977"}],"wp:term":[{"taxonomy":"category","embeddable":true,"href":"https:\/\/blogdoedvaldomagalhaes.com.br\/index.php\/wp-json\/wp\/v2\/categories?post=53977"},{"taxonomy":"post_tag","embeddable":true,"href":"https:\/\/blogdoedvaldomagalhaes.com.br\/index.php\/wp-json\/wp\/v2\/tags?post=53977"}],"curies":[{"name":"wp","href":"https:\/\/api.w.org\/{rel}","templated":true}]}}