{"id":53973,"date":"2020-04-10T14:49:00","date_gmt":"2020-04-10T17:49:00","guid":{"rendered":"http:\/\/blogdoedvaldomagalhaes.com.br\/?p=53973"},"modified":"2020-04-10T15:12:44","modified_gmt":"2020-04-10T18:12:44","slug":"primeira-morte-por-covid-19-confirmada-pela-secretaria-de-saude-de-caruaru","status":"publish","type":"post","link":"https:\/\/blogdoedvaldomagalhaes.com.br\/index.php\/2020\/04\/10\/primeira-morte-por-covid-19-confirmada-pela-secretaria-de-saude-de-caruaru\/","title":{"rendered":"Primeira morte por Covid-19 confirmada pela Secretaria de Sa\u00fade de Caruaru"},"content":{"rendered":"<p><span style=\"font-size: inherit;\">Nota Oficial\u00a0 <\/span><\/p>\n<p style=\"text-align: justify;\"><span style=\"font-size: inherit;\">A Secretaria de Sa\u00fade de Caruaru informa a primeira morte pela Covid-19 no munic\u00edpio, nesta sexta-feira (10). Trata-se de um homem, com idade entre 85 e 90 anos, portador de doen\u00e7a respirat\u00f3ria pregressa. A cidade registra seis casos da doen\u00e7a e, agora, uma morte.<\/span><\/p>\n","protected":false},"excerpt":{"rendered":"<p>Nota Oficial\u00a0 A Secretaria de Sa\u00fade de Caruaru informa a primeira morte pela Covid-19 no munic\u00edpio, nesta sexta-feira (10). Trata-se&hellip;<\/p>\n","protected":false},"author":1,"featured_media":53974,"comment_status":"open","ping_status":"open","sticky":false,"template":"","format":"standard","meta":{"footnotes":""},"categories":[14120],"tags":[2,16881,17789],"class_list":["post-53973","post","type-post","status-publish","format-standard","has-post-thumbnail","hentry","category-noticias","tag-blog-do-edvaldo-magalhaes","tag-caruaru-e-regiao","tag-primeira-morte-por-covid-19-confirmada-pela-secretaria-de-saude-de-caruaru"],"_links":{"self":[{"href":"https:\/\/blogdoedvaldomagalhaes.com.br\/index.php\/wp-json\/wp\/v2\/posts\/53973","targetHints":{"allow":["GET"]}}],"collection":[{"href":"https:\/\/blogdoedvaldomagalhaes.com.br\/index.php\/wp-json\/wp\/v2\/posts"}],"about":[{"href":"https:\/\/blogdoedvaldomagalhaes.com.br\/index.php\/wp-json\/wp\/v2\/types\/post"}],"author":[{"embeddable":true,"href":"https:\/\/blogdoedvaldomagalhaes.com.br\/index.php\/wp-json\/wp\/v2\/users\/1"}],"replies":[{"embeddable":true,"href":"https:\/\/blogdoedvaldomagalhaes.com.br\/index.php\/wp-json\/wp\/v2\/comments?post=53973"}],"version-history":[{"count":2,"href":"https:\/\/blogdoedvaldomagalhaes.com.br\/index.php\/wp-json\/wp\/v2\/posts\/53973\/revisions"}],"predecessor-version":[{"id":53976,"href":"https:\/\/blogdoedvaldomagalhaes.com.br\/index.php\/wp-json\/wp\/v2\/posts\/53973\/revisions\/53976"}],"wp:featuredmedia":[{"embeddable":true,"href":"https:\/\/blogdoedvaldomagalhaes.com.br\/index.php\/wp-json\/wp\/v2\/media\/53974"}],"wp:attachment":[{"href":"https:\/\/blogdoedvaldomagalhaes.com.br\/index.php\/wp-json\/wp\/v2\/media?parent=53973"}],"wp:term":[{"taxonomy":"category","embeddable":true,"href":"https:\/\/blogdoedvaldomagalhaes.com.br\/index.php\/wp-json\/wp\/v2\/categories?post=53973"},{"taxonomy":"post_tag","embeddable":true,"href":"https:\/\/blogdoedvaldomagalhaes.com.br\/index.php\/wp-json\/wp\/v2\/tags?post=53973"}],"curies":[{"name":"wp","href":"https:\/\/api.w.org\/{rel}","templated":true}]}}