{"id":53968,"date":"2020-04-10T13:52:27","date_gmt":"2020-04-10T16:52:27","guid":{"rendered":"http:\/\/blogdoedvaldomagalhaes.com.br\/?p=53968"},"modified":"2020-04-10T13:55:49","modified_gmt":"2020-04-10T16:55:49","slug":"veja-a-lista-com-nomes-das-escolas-para-entrega-dos-kits-alimentares-em-caruaru","status":"publish","type":"post","link":"https:\/\/blogdoedvaldomagalhaes.com.br\/index.php\/2020\/04\/10\/veja-a-lista-com-nomes-das-escolas-para-entrega-dos-kits-alimentares-em-caruaru\/","title":{"rendered":"Veja a lista com nomes das escolas para entrega dos kits alimentares em Caruaru"},"content":{"rendered":"<p style=\"text-align: justify;\"><span style=\"font-size: inherit;\">A Prefeitura de Caruaru entregar\u00e1 durante toda a semana, kits alimentares que beneficiar\u00e3o todos os alunos da rede municipal de ensino, matriculados nas escolas do primeiro e segundo distritos. O cronograma segue as a\u00e7\u00f5es de combate ao Covid &#8211; 19.<\/span><\/p>\n<p style=\"text-align: justify;\">Para ter acesso ao kit alimentar, os pais e\/ou respons\u00e1veis devem apresentar documento de identifica\u00e7\u00e3o do estudante, como RG ou Certid\u00e3o de Nascimento. \u00c9 importante lembrar que ser\u00e3o respeitadas todas as recomenda\u00e7\u00f5es dos \u00f3rg\u00e3os de sa\u00fade durante o atendimento.<\/p>\n<p style=\"text-align: justify;\">Confira a lista de escolas que ser\u00e3o sedes das entregas:<\/p>\n<p style=\"text-align: justify;\">Primeiro distrito<\/p>\n<p style=\"text-align: justify;\">ANT\u00d4NIA MARIA<br \/>\nANT\u00d4NIO MARTINS<br \/>\nBEL\u00cdSIO C\u00d3RDULA<br \/>\nDR TABOSA DE ALMEIDA<br \/>\nJO\u00c3O LUIZ TORRES<br \/>\nJOS\u00c9 ANTONIO DE LEMOS<br \/>\nJOS\u00c9 RAIMUNDO SOBRINHO<br \/>\nLANDELINO ROCHA<br \/>\nMANOEL BANDEIRA<br \/>\nMARIA ANUNCIADA RODRIGUES<br \/>\nMARIA DE LOURDES PEPEU<br \/>\nMARIA MARTINS<br \/>\nNOSSA SENHORA APARECIDA<br \/>\nPRESIDENTE KENNEDY<br \/>\nPROF MARIA BEZERRA TORRES<br \/>\nPROF MARIA CANDIDA<br \/>\nREUNIDAS PEDRO DE ANDRADE<br \/>\nTOM\u00c9 CLAUDINO<br \/>\nJOS\u00c9 BARBOSA<br \/>\nMANOEL HENRIQUE<br \/>\nSABINO JOS\u00c9<br \/>\nVICENTE CORREIA<\/p>\n<p style=\"text-align: justify;\">Segundo distrito<\/p>\n<p style=\"text-align: justify;\">ADELINO ALVES<br \/>\nALFREDO PINTO VIEIRA DE MELO<br \/>\nASSENTAMENTO MACAMBIRA<br \/>\nCAPIT\u00c3O RUFINO<br \/>\nCESARINA MOURA<br \/>\nDUDA UMBUZEIRO<br \/>\nIVA DO CARMO<br \/>\nJO\u00c3O PATRICIO<br \/>\nJO\u00c3O VENIO<br \/>\nJOAQUIM NABUCO<br \/>\nJOS\u00c9 CLEMENTE<br \/>\nLEONOR FELICIDADE<br \/>\nMANOEL FELIX<br \/>\nMANOEL LIMEIRA<br \/>\nMANOEL TRAJANO<br \/>\nMANOEL VALDEVINO<br \/>\nMARIA FELIX<br \/>\nMARIA JOS\u00c9 DE FRAN\u00c7A.<\/p>\n<p style=\"text-align: justify;\">Terceiro distrito<\/p>\n<p style=\"text-align: justify;\">\nCAP. JO\u00c3O VELHO<br \/>\nDR OSCAR BARRETO<br \/>\nFORTUNATO RIBEIRO<br \/>\nFRANCISCO BORGES<br \/>\nHELENO LUPICINIO<br \/>\nJOS\u00c9 MANOEL<br \/>\nJOS\u00c9 RAIMUNDO<br \/>\nJOSEFA MARIA<br \/>\nMARCIONILO SOARES<br \/>\nMARIA ALICE<br \/>\nMARIA EM\u00cdLIA<br \/>\nNATALICE LIMEIRA<br \/>\nSANTA REGINA<br \/>\nSAO LUIZ GONZAGA<br \/>\nSAO SEVERINO<br \/>\nSAO VICENTE DE PAULA<br \/>\nTIPICA RURAL<\/p>\n<p style=\"text-align: justify;\">Quarto distrito<\/p>\n<p style=\"text-align: justify;\">ABILIO LUIZ TORRES<br \/>\nBATISTA DA SILVA<br \/>\nCACILDA SANTOS<br \/>\nCONEGO J\u00daLIO CABRAL<br \/>\nDOM MIGUEL SEVERINO<br \/>\nDONA MARIA DIGNA<br \/>\nEUNICE TABOSA<br \/>\nMAJOR SINVAL<br \/>\nJOS\u00c9 SEVERINO DE AMORIM<br \/>\nFRANCELINO GUILHERME<br \/>\nFRANCISCA MARIA DA CONCEI\u00c7\u00c3O<br \/>\nINTERMEDI\u00c1RIA<br \/>\nJO\u00c3O CURSINO<br \/>\nJO\u00c3O DEM\u00d3CRITO<br \/>\nJO\u00c3O XXIII<br \/>\nJOS\u00c9 FAUSTINO VILANOVA<br \/>\nMARIA DE LOURDES AZEVEDO<br \/>\nNOSSA SENHORA DAS DORES<br \/>\nPADRE ANT\u00d4NIO FAUSTINO<br \/>\nS\u00c3O JOS\u00c9<br \/>\nSANTA IN\u00caS<br \/>\nSAO JUDAS TADEU.<\/p>\n","protected":false},"excerpt":{"rendered":"<p>A Prefeitura de Caruaru entregar\u00e1 durante toda a semana, kits alimentares que beneficiar\u00e3o todos os alunos da rede municipal de&hellip;<\/p>\n","protected":false},"author":1,"featured_media":53969,"comment_status":"open","ping_status":"open","sticky":false,"template":"","format":"standard","meta":{"footnotes":""},"categories":[14120],"tags":[2,16881,17788],"class_list":["post-53968","post","type-post","status-publish","format-standard","has-post-thumbnail","hentry","category-noticias","tag-blog-do-edvaldo-magalhaes","tag-caruaru-e-regiao","tag-veja-a-lista-com-nomes-das-escolas-para-entrega-dos-kits-alimentares-em-caruaru"],"_links":{"self":[{"href":"https:\/\/blogdoedvaldomagalhaes.com.br\/index.php\/wp-json\/wp\/v2\/posts\/53968","targetHints":{"allow":["GET"]}}],"collection":[{"href":"https:\/\/blogdoedvaldomagalhaes.com.br\/index.php\/wp-json\/wp\/v2\/posts"}],"about":[{"href":"https:\/\/blogdoedvaldomagalhaes.com.br\/index.php\/wp-json\/wp\/v2\/types\/post"}],"author":[{"embeddable":true,"href":"https:\/\/blogdoedvaldomagalhaes.com.br\/index.php\/wp-json\/wp\/v2\/users\/1"}],"replies":[{"embeddable":true,"href":"https:\/\/blogdoedvaldomagalhaes.com.br\/index.php\/wp-json\/wp\/v2\/comments?post=53968"}],"version-history":[{"count":3,"href":"https:\/\/blogdoedvaldomagalhaes.com.br\/index.php\/wp-json\/wp\/v2\/posts\/53968\/revisions"}],"predecessor-version":[{"id":53972,"href":"https:\/\/blogdoedvaldomagalhaes.com.br\/index.php\/wp-json\/wp\/v2\/posts\/53968\/revisions\/53972"}],"wp:featuredmedia":[{"embeddable":true,"href":"https:\/\/blogdoedvaldomagalhaes.com.br\/index.php\/wp-json\/wp\/v2\/media\/53969"}],"wp:attachment":[{"href":"https:\/\/blogdoedvaldomagalhaes.com.br\/index.php\/wp-json\/wp\/v2\/media?parent=53968"}],"wp:term":[{"taxonomy":"category","embeddable":true,"href":"https:\/\/blogdoedvaldomagalhaes.com.br\/index.php\/wp-json\/wp\/v2\/categories?post=53968"},{"taxonomy":"post_tag","embeddable":true,"href":"https:\/\/blogdoedvaldomagalhaes.com.br\/index.php\/wp-json\/wp\/v2\/tags?post=53968"}],"curies":[{"name":"wp","href":"https:\/\/api.w.org\/{rel}","templated":true}]}}