{"id":53961,"date":"2020-04-10T13:23:07","date_gmt":"2020-04-10T16:23:07","guid":{"rendered":"http:\/\/blogdoedvaldomagalhaes.com.br\/?p=53961"},"modified":"2020-04-10T18:38:23","modified_gmt":"2020-04-10T21:38:23","slug":"secretaria-de-saude-pe-confirma-mais-9-obitos-e-mais-129-casos-em-24-horas","status":"publish","type":"post","link":"https:\/\/blogdoedvaldomagalhaes.com.br\/index.php\/2020\/04\/10\/secretaria-de-saude-pe-confirma-mais-9-obitos-e-mais-129-casos-em-24-horas\/","title":{"rendered":"Secretaria de Sa\u00fade-PE confirma mais 9 \u00f3bitos e mais 129 casos em 24 horas"},"content":{"rendered":"<p style=\"text-align: justify;\">Em boletim divulgado nesta sexta-feira (10), a Secretaria Estadual de Sa\u00fade de Pernambuco (SES-PE) confirmou mais 129 casos de Covid-19 no Estado, totalizando 684 casos da doen\u00e7a at\u00e9 agora. Tamb\u00e9m foram confirmados mais nove \u00f3bitos (2 mulheres e 7 homens, com idades entre 38 e 87 anos, ocorridos entre os dias 06.04 e 09.04.) Outras 44 pessoas j\u00e1 est\u00e3o recuperadas. Entre as pessoas infectadas, 359 esta\u0303o em isolamento domiciliar e 216 internadas (31 em UTI\/UCI e 185 em leito de isolamento).\u2800\u2800\u2800<br \/>\n\u2800<br \/>\n\u00c9 importante ressaltar que, dando continuidade ao plano de expansa\u0303o dos leitos, o Governo de Pernambuco ja\u0301 colocou em operac\u0327a\u0303o a Maternidade Brites de Albuquerque, em Olinda, que sera\u0301 utilizada como retaguarda, servindo de apoio \u00e0s unidades que sera\u0303o centro de refere\u0302ncia no tratamento do Novo Coronavi\u0301rus. A Maternidade ja\u0301 conta com os primeiros 10 primeiros leitos de enfermaria e 10 UTIs. Ao todo, haver\u00e1 120 vagas, sendo 40 de Unidade de Terapia Intensiva &#8211; UTI.<\/p>\n<p style=\"text-align: justify;\">O Estado tambe\u0301m fez a requisic\u0327a\u0303o administrativa do Hospital Nossa Senhora das Grac\u0327as (Alfa), unidade privada localizada em Boa Viagem, Zona Sul do Recife. A estrutura, que estava desativada desde 2018, sera\u0301 centro de refere\u0302ncia e ja\u0301 esta\u0301 passando por reformas para receber exclusivamente pacientes da Covid-19, garantindo a ampliac\u0327a\u0303o da assiste\u0302ncia. Ser\u00e3o disponibilizados 230 leitos, sendo 100 de UTI. A previsa\u0303o e\u0301 que os primeiros sejam abertos ainda este me\u0302s.<\/p>\n<p style=\"text-align: justify;\">Nos u\u0301ltimos dias, o Governo de Pernambuco abriu 353 leitos para o tratamento da doenc\u0327a, sendo 133 de UTIs e 220 de enfermaria.<\/p>\n<p style=\"text-align: justify;\">Dados atualizados nesta sexta-feira (10\/04).<\/p>\n","protected":false},"excerpt":{"rendered":"<p>Em boletim divulgado nesta sexta-feira (10), a Secretaria Estadual de Sa\u00fade de Pernambuco (SES-PE) confirmou mais 129 casos de Covid-19&hellip;<\/p>\n","protected":false},"author":1,"featured_media":53962,"comment_status":"open","ping_status":"open","sticky":false,"template":"","format":"standard","meta":{"footnotes":""},"categories":[1],"tags":[2,16881,17787],"class_list":["post-53961","post","type-post","status-publish","format-standard","has-post-thumbnail","hentry","category-sem-categoria","tag-blog-do-edvaldo-magalhaes","tag-caruaru-e-regiao","tag-secretaria-de-saude-pe-confirma-mais-9-obitos-e-mais-129-casos-em-24-horas"],"_links":{"self":[{"href":"https:\/\/blogdoedvaldomagalhaes.com.br\/index.php\/wp-json\/wp\/v2\/posts\/53961","targetHints":{"allow":["GET"]}}],"collection":[{"href":"https:\/\/blogdoedvaldomagalhaes.com.br\/index.php\/wp-json\/wp\/v2\/posts"}],"about":[{"href":"https:\/\/blogdoedvaldomagalhaes.com.br\/index.php\/wp-json\/wp\/v2\/types\/post"}],"author":[{"embeddable":true,"href":"https:\/\/blogdoedvaldomagalhaes.com.br\/index.php\/wp-json\/wp\/v2\/users\/1"}],"replies":[{"embeddable":true,"href":"https:\/\/blogdoedvaldomagalhaes.com.br\/index.php\/wp-json\/wp\/v2\/comments?post=53961"}],"version-history":[{"count":3,"href":"https:\/\/blogdoedvaldomagalhaes.com.br\/index.php\/wp-json\/wp\/v2\/posts\/53961\/revisions"}],"predecessor-version":[{"id":53984,"href":"https:\/\/blogdoedvaldomagalhaes.com.br\/index.php\/wp-json\/wp\/v2\/posts\/53961\/revisions\/53984"}],"wp:featuredmedia":[{"embeddable":true,"href":"https:\/\/blogdoedvaldomagalhaes.com.br\/index.php\/wp-json\/wp\/v2\/media\/53962"}],"wp:attachment":[{"href":"https:\/\/blogdoedvaldomagalhaes.com.br\/index.php\/wp-json\/wp\/v2\/media?parent=53961"}],"wp:term":[{"taxonomy":"category","embeddable":true,"href":"https:\/\/blogdoedvaldomagalhaes.com.br\/index.php\/wp-json\/wp\/v2\/categories?post=53961"},{"taxonomy":"post_tag","embeddable":true,"href":"https:\/\/blogdoedvaldomagalhaes.com.br\/index.php\/wp-json\/wp\/v2\/tags?post=53961"}],"curies":[{"name":"wp","href":"https:\/\/api.w.org\/{rel}","templated":true}]}}