{"id":53957,"date":"2020-04-10T13:05:30","date_gmt":"2020-04-10T16:05:30","guid":{"rendered":"http:\/\/blogdoedvaldomagalhaes.com.br\/?p=53957"},"modified":"2020-04-10T13:05:32","modified_gmt":"2020-04-10T16:05:32","slug":"asec-faz-nova-assembleia-geral-para-ratificar-eleicao-da-entidade-esportiva","status":"publish","type":"post","link":"https:\/\/blogdoedvaldomagalhaes.com.br\/index.php\/2020\/04\/10\/asec-faz-nova-assembleia-geral-para-ratificar-eleicao-da-entidade-esportiva\/","title":{"rendered":"Asec faz nova Assembleia Geral para ratificar elei\u00e7\u00e3o da entidade esportiva"},"content":{"rendered":"<p style=\"text-align: justify;\"><span style=\"font-size: inherit;\">A Associa\u00e7\u00e3o Esportiva Caruaru (ASEC) est\u00e1 convocando seus associados para uma assembleia geral para ratificar a elei\u00e7\u00e3o da entidade esportiva. A reuni\u00e3o com os membros da Asec ser\u00e1 realizada, na pr\u00f3xima ter\u00e7a-feira (14), por meio de videoconfer\u00eancia.<\/span><\/p>\n<p style=\"text-align: justify;\">O presidente da Asec, Adjair Pacheco, explicou o motivo da reuni\u00e3o ser por meio da internet, \u201cN\u00f3s vamos seguir as recomenda\u00e7\u00f5es exigidas pelo minist\u00e9rio da sa\u00fade, que \u00e9 evitar a aglomera\u00e7\u00e3o. Precisamos combater a prolifera\u00e7\u00e3o da Covid-19. Com isso, nossa reuni\u00e3o ser\u00e1 por videoconfer\u00eancia para seguran\u00e7a de todos e evitar o contato com os associados e preservar a sa\u00fade dos nossos membros, afirmou.<\/p>\n<p style=\"text-align: justify;\">Adjair Pacheco ainda falou sobre a assembleia geral. Segundo ele, ser\u00e1 revalidada a elei\u00e7\u00e3o que j\u00e1 aconteceu, mas \u00e9 preciso seguir recomenda\u00e7\u00f5es, \u201cFoi solicitado por parte do governo federal, j\u00e1 que somos uma entidade sem fins lucrativos, que a elei\u00e7\u00e3o seja ratificada para tornar p\u00fablico. Nossos membros sabem da import\u00e2ncia da manuten\u00e7\u00e3o da presid\u00eancia e s\u00f3 vamos reafirmar o que j\u00e1 foi definido, explicou.<\/p>\n\n\n<figure class=\"wp-block-image size-large\"><img loading=\"lazy\" decoding=\"async\" width=\"469\" height=\"655\" src=\"http:\/\/blogdoedvaldomagalhaes.com.br\/wp-content\/uploads\/2020\/04\/IMG-20200410-WA0001.jpg\" alt=\"\" class=\"wp-image-53959\" srcset=\"https:\/\/blogdoedvaldomagalhaes.com.br\/wp-content\/uploads\/2020\/04\/IMG-20200410-WA0001.jpg 469w, https:\/\/blogdoedvaldomagalhaes.com.br\/wp-content\/uploads\/2020\/04\/IMG-20200410-WA0001-215x300.jpg 215w\" sizes=\"auto, (max-width: 469px) 100vw, 469px\" \/><\/figure>\n","protected":false},"excerpt":{"rendered":"<p>A Associa\u00e7\u00e3o Esportiva Caruaru (ASEC) est\u00e1 convocando seus associados para uma assembleia geral para ratificar a elei\u00e7\u00e3o da entidade esportiva.&hellip;<\/p>\n","protected":false},"author":1,"featured_media":53958,"comment_status":"open","ping_status":"open","sticky":false,"template":"","format":"standard","meta":{"footnotes":""},"categories":[14123],"tags":[17786,2,16881],"class_list":["post-53957","post","type-post","status-publish","format-standard","has-post-thumbnail","hentry","category-futebol","tag-asec-faz-nova-assembleia-geral-para-ratificar-eleicao-da-entidade-esportiva","tag-blog-do-edvaldo-magalhaes","tag-caruaru-e-regiao"],"_links":{"self":[{"href":"https:\/\/blogdoedvaldomagalhaes.com.br\/index.php\/wp-json\/wp\/v2\/posts\/53957","targetHints":{"allow":["GET"]}}],"collection":[{"href":"https:\/\/blogdoedvaldomagalhaes.com.br\/index.php\/wp-json\/wp\/v2\/posts"}],"about":[{"href":"https:\/\/blogdoedvaldomagalhaes.com.br\/index.php\/wp-json\/wp\/v2\/types\/post"}],"author":[{"embeddable":true,"href":"https:\/\/blogdoedvaldomagalhaes.com.br\/index.php\/wp-json\/wp\/v2\/users\/1"}],"replies":[{"embeddable":true,"href":"https:\/\/blogdoedvaldomagalhaes.com.br\/index.php\/wp-json\/wp\/v2\/comments?post=53957"}],"version-history":[{"count":2,"href":"https:\/\/blogdoedvaldomagalhaes.com.br\/index.php\/wp-json\/wp\/v2\/posts\/53957\/revisions"}],"predecessor-version":[{"id":54165,"href":"https:\/\/blogdoedvaldomagalhaes.com.br\/index.php\/wp-json\/wp\/v2\/posts\/53957\/revisions\/54165"}],"wp:featuredmedia":[{"embeddable":true,"href":"https:\/\/blogdoedvaldomagalhaes.com.br\/index.php\/wp-json\/wp\/v2\/media\/53958"}],"wp:attachment":[{"href":"https:\/\/blogdoedvaldomagalhaes.com.br\/index.php\/wp-json\/wp\/v2\/media?parent=53957"}],"wp:term":[{"taxonomy":"category","embeddable":true,"href":"https:\/\/blogdoedvaldomagalhaes.com.br\/index.php\/wp-json\/wp\/v2\/categories?post=53957"},{"taxonomy":"post_tag","embeddable":true,"href":"https:\/\/blogdoedvaldomagalhaes.com.br\/index.php\/wp-json\/wp\/v2\/tags?post=53957"}],"curies":[{"name":"wp","href":"https:\/\/api.w.org\/{rel}","templated":true}]}}