{"id":53953,"date":"2020-04-10T10:35:57","date_gmt":"2020-04-10T13:35:57","guid":{"rendered":"http:\/\/blogdoedvaldomagalhaes.com.br\/?p=53953"},"modified":"2020-04-10T10:36:02","modified_gmt":"2020-04-10T13:36:02","slug":"covid-19-empresas-do-polo-de-confeccoes-do-produzem-epis-para-evitar-demissoes","status":"publish","type":"post","link":"https:\/\/blogdoedvaldomagalhaes.com.br\/index.php\/2020\/04\/10\/covid-19-empresas-do-polo-de-confeccoes-do-produzem-epis-para-evitar-demissoes\/","title":{"rendered":"Covid-19: Empresas do polo de confec\u00e7\u00f5es do produzem EPIs para evitar demiss\u00f5es"},"content":{"rendered":"<p style=\"text-align: justify;\"><span style=\"font-size: inherit;\">Respons\u00e1vel pela gera\u00e7\u00e3o de 250 mil empregos e por um faturamento da ordem de R$ 6 bilh\u00f5es ao ano, as empresas do polo de confec\u00e7\u00f5es pernambucano est\u00e3o se vendo entre a cruz e a espada. Diante do fechamento do com\u00e9rcio e das feiras de confec\u00e7\u00e3o, a\u00e7\u00f5es necess\u00e1rias para diminuir a dissemina\u00e7\u00e3o do coronav\u00edrus e preservar vidas, a possibilidade de demiss\u00e3o se torna cada vez mais real. Para evitar esse cen\u00e1rio, muitas empresas t\u00eam aproveitado sua expertise para transformar seus neg\u00f3cios: em vez de roupas, as linhas de produ\u00e7\u00e3o t\u00eam se dedicado \u00e0 produ\u00e7\u00e3o de m\u00e1scaras e batas para serem usadas pela popula\u00e7\u00e3o.<\/span><\/p>\n<p style=\"text-align: justify;\">Segundo o presidente do N\u00facleo Gestor da Cadeia T\u00eaxtil e de Confec\u00e7\u00f5es em Pernambuco (NTCPE), Wamberto Barbosa, a maioria dos empres\u00e1rios do polo t\u00eaxtil do Agreste optou por conceder f\u00e9rias coletivas de 15 dias aos seus funcion\u00e1rios, mas, com o agravamento da situa\u00e7\u00e3o, eles est\u00e3o precisando optar pela prorroga\u00e7\u00e3o desse per\u00edodo ou pelas demiss\u00f5es. O problema, no entanto, \u00e9 financeiro &#8211; e as linhas de cr\u00e9dito oferecidas pelo Governo Federal, por meio dos bancos privados, n\u00e3o atendem a esses empres\u00e1rios, principalmente devido \u00e0 informalidade e ao excesso de exig\u00eancias relativas \u00e0 documenta\u00e7\u00e3o. \u201cSem falar que os juros est\u00e3o bem mais elevados e os prazos, mais curtos\u201d, refor\u00e7a. Outro problema apontado \u00e9 o diferimento do ICMS concedido pelo Governo do Estado, que n\u00e3o incluiu o m\u00eas de mar\u00e7o, quando o faturamento j\u00e1 havia diminu\u00eddo.<\/p>\n<p style=\"text-align: justify;\">Al\u00e9m de solicitar refor\u00e7os nas medidas emergenciais de socorro ao setor, o presidente do NTCPE afirma que est\u00e1 estimulando as empresas locais a confeccionarem EPIs que, embora n\u00e3o sejam indicados para profissionais de sa\u00fade, podem atender \u00e0 demanda da popula\u00e7\u00e3o, do com\u00e9rcio e das ind\u00fastrias por esses produtos. Para isso, a entidade desenvolveu prot\u00f3tipos de m\u00e1scaras e batas e disponibilizou para os empres\u00e1rios. Todas as orienta\u00e7\u00f5es est\u00e3o acess\u00edveis no site da institui\u00e7\u00e3o (www.ntcpe.org.br). At\u00e9 agora, no entanto, apenas cerca de 50 empresas est\u00e3o envolvidas no projeto.<\/p>\n<p style=\"text-align: justify;\">Uma das empresas que aderiu ao movimento \u00e9 a Saga Confec\u00e7\u00f5es que, desde o in\u00edcio de abril, j\u00e1 est\u00e1 trabalhando na produ\u00e7\u00e3o de m\u00e1scaras higi\u00eanicas. Desenvolvidas pela pr\u00f3pria empresa, elas podem ser utilizadas por profissionais como maqueiros, motoristas de ambul\u00e2ncia e que atuam na recep\u00e7\u00e3o de hospitais. Agora, eles pretendem aderir ao projeto do NCTPE. \u201cO Governo (do Estado) se comprometeu a comprar uma parte e tamb\u00e9m vamos em busca do mercado externo. Estamos fazendo o poss\u00edvel para enfrentar essa situa\u00e7\u00e3o\u201d, explica o propriet\u00e1rio da Saga Confec\u00e7\u00f5es, Marc\u00edlio Sales. A medida tamb\u00e9m evita demiss\u00f5es. A prova disso \u00e9 que dos 40 funcion\u00e1rios da empresa, 30 j\u00e1 voltaram para a linha de produ\u00e7\u00e3o.<\/p>\n<p style=\"text-align: justify;\">O diretor regional da FIEPE, Andrerson Porto destaca a import\u00e2ncia dessa reinven\u00e7\u00e3o no momento de crise atual. \u201cMesmo que n\u00e3o possam ser utilizadas pelos profissionais de sa\u00fade que est\u00e3o atuando diretamente com pacientes infectados, essas m\u00e1scaras podem ser usadas pela popula\u00e7\u00e3o em geral e por outros trabalhadores, como aqueles que trabalham em supermercados, farm\u00e1cias e at\u00e9 nas ind\u00fastrias\u201d, explica. \u201cO setor produtivo tem sofrido bastante, mas estamos buscando mitigar esses preju\u00edzos em parceria com os governos e, especialmente, incentivando a adapta\u00e7\u00e3o r\u00e1pida dos empres\u00e1rios \u00e0 essa nova realidade. N\u00f3s, da FIEPE, estamos trabalhando para isso\u201d, destaca.<\/p>\n<p>Foto ilustrativa\/Reprodu\u00e7\u00e3o\/Governo de Pernambuco.<\/p>\n","protected":false},"excerpt":{"rendered":"<p>Respons\u00e1vel pela gera\u00e7\u00e3o de 250 mil empregos e por um faturamento da ordem de R$ 6 bilh\u00f5es ao ano, as&hellip;<\/p>\n","protected":false},"author":1,"featured_media":53955,"comment_status":"open","ping_status":"open","sticky":false,"template":"","format":"standard","meta":{"footnotes":""},"categories":[14120],"tags":[16881,17785],"class_list":["post-53953","post","type-post","status-publish","format-standard","has-post-thumbnail","hentry","category-noticias","tag-caruaru-e-regiao","tag-covid-19-empresas-do-polo-de-confeccoes-do-produzem-epis-para-evitar-demissoes"],"_links":{"self":[{"href":"https:\/\/blogdoedvaldomagalhaes.com.br\/index.php\/wp-json\/wp\/v2\/posts\/53953","targetHints":{"allow":["GET"]}}],"collection":[{"href":"https:\/\/blogdoedvaldomagalhaes.com.br\/index.php\/wp-json\/wp\/v2\/posts"}],"about":[{"href":"https:\/\/blogdoedvaldomagalhaes.com.br\/index.php\/wp-json\/wp\/v2\/types\/post"}],"author":[{"embeddable":true,"href":"https:\/\/blogdoedvaldomagalhaes.com.br\/index.php\/wp-json\/wp\/v2\/users\/1"}],"replies":[{"embeddable":true,"href":"https:\/\/blogdoedvaldomagalhaes.com.br\/index.php\/wp-json\/wp\/v2\/comments?post=53953"}],"version-history":[{"count":1,"href":"https:\/\/blogdoedvaldomagalhaes.com.br\/index.php\/wp-json\/wp\/v2\/posts\/53953\/revisions"}],"predecessor-version":[{"id":53956,"href":"https:\/\/blogdoedvaldomagalhaes.com.br\/index.php\/wp-json\/wp\/v2\/posts\/53953\/revisions\/53956"}],"wp:featuredmedia":[{"embeddable":true,"href":"https:\/\/blogdoedvaldomagalhaes.com.br\/index.php\/wp-json\/wp\/v2\/media\/53955"}],"wp:attachment":[{"href":"https:\/\/blogdoedvaldomagalhaes.com.br\/index.php\/wp-json\/wp\/v2\/media?parent=53953"}],"wp:term":[{"taxonomy":"category","embeddable":true,"href":"https:\/\/blogdoedvaldomagalhaes.com.br\/index.php\/wp-json\/wp\/v2\/categories?post=53953"},{"taxonomy":"post_tag","embeddable":true,"href":"https:\/\/blogdoedvaldomagalhaes.com.br\/index.php\/wp-json\/wp\/v2\/tags?post=53953"}],"curies":[{"name":"wp","href":"https:\/\/api.w.org\/{rel}","templated":true}]}}