{"id":5395,"date":"2017-07-11T15:19:00","date_gmt":"2017-07-11T18:19:00","guid":{"rendered":"http:\/\/blogdoedvaldomagalhaes.com.br\/index.php\/2017\/07\/11\/caminhoneiro-vitima-de-latrocinio-na-br\/"},"modified":"2019-02-09T01:35:09","modified_gmt":"2019-02-09T03:35:09","slug":"caminhoneiro-vitima-de-latrocinio-na-br","status":"publish","type":"post","link":"https:\/\/blogdoedvaldomagalhaes.com.br\/index.php\/2017\/07\/11\/caminhoneiro-vitima-de-latrocinio-na-br\/","title":{"rendered":"Caminhoneiro v\u00edtima de latroc\u00ednio na BR-232 nesta ter\u00e7a (11)"},"content":{"rendered":"<div class=\"separator\" style=\"clear: both; text-align: center;\">\n<a href=\"https:\/\/1.bp.blogspot.com\/-DlFlblrChek\/WWUdbUgk0XI\/AAAAAAAAZVo\/nK8wire4bUc28T0comxBHBIrtYIGeDYlgCLcBGAs\/s1600\/IMG-20170711-WA0091.jpg\" imageanchor=\"1\" style=\"margin-left: 1em; margin-right: 1em;\"><img loading=\"lazy\" decoding=\"async\" border=\"0\" data-original-height=\"300\" data-original-width=\"400\" height=\"300\" src=\"http:\/\/blogdoedvaldomagalhaes.com.br\/wp-content\/uploads\/2017\/07\/IMG-20170711-WA0091.jpg\" width=\"400\" \/><\/a><\/div>\n<div class=\"separator\" style=\"clear: both; text-align: center;\">\n<\/div>\n<div class=\"separator\" style=\"clear: both; text-align: center;\">\n<a href=\"https:\/\/1.bp.blogspot.com\/-aOIWHEU57y4\/WWTqXkhOmaI\/AAAAAAAAZT4\/R0R8ZlzKLmwg6XEoY6PUbGBqgTdP-cZwACLcBGAs\/s1600\/zap.jpg\" imageanchor=\"1\" style=\"margin-left: 1em; margin-right: 1em;\"><img loading=\"lazy\" decoding=\"async\" border=\"0\" data-original-height=\"169\" data-original-width=\"300\" height=\"225\" src=\"http:\/\/blogdoedvaldomagalhaes.com.br\/wp-content\/uploads\/2017\/07\/zap.jpg\" width=\"400\" \/><\/a><\/div>\n<div class=\"separator\" style=\"clear: both; text-align: center;\">\nFotos: Reprodu\u00e7\u00e3o\/WhatsApp&nbsp;<\/div>\n<div class=\"separator\" style=\"clear: both; text-align: center;\">\n<\/div>\n<div style=\"background: white; margin-bottom: 7.5pt; margin-left: 0cm; margin-right: 0cm; margin-top: 0cm; mso-line-height-alt: 18.0pt; text-align: justify;\">\nUm homem que seguia para a Feira de Gado de Caruaru conduzindo um caminh\u00e3o foi<br \/>\nassassinado em Encruzilhada de S\u00e3o Jo\u00e3o, Bezerros. De acordo com as primeiras<br \/>\ninforma\u00e7\u00f5es, Eraldo Monteiro da Silva, 46 anos, foi v\u00edtima de latroc\u00ednio, ap\u00f3s ser seguido por ocupantes de um<br \/>\nve\u00edculo Corolla que efetuaram v\u00e1rios disparos.<\/div>\n<p><\/p>\n<div style=\"background: white; box-sizing: border-box; margin: 0cm 0cm 7.5pt; text-align: justify;\">\nO motorista era da cidade de Gravat\u00e1. Ele morreu no local. O corpo foi encaminhado para o Instituto de<br \/>\nMedicina Legal (IML) de Caruaru.<\/p>\n<p><\/p>\n<div class=\"separator\" style=\"clear: both; text-align: center;\">\n<a href=\"http:\/\/blogdoedvaldomagalhaes.com.br\/wp-content\/uploads\/2017\/07\/5-Saga-8.jpg\" imageanchor=\"1\" style=\"clear: left; float: left; margin-bottom: 1em; margin-right: 1em;\"><img decoding=\"async\" border=\"0\" data-original-height=\"100\" data-original-width=\"570\" src=\"http:\/\/blogdoedvaldomagalhaes.com.br\/wp-content\/uploads\/2017\/07\/5-Saga-8.jpg\" \/><\/a><\/div>\n<p><\/div>\n","protected":false},"excerpt":{"rendered":"<p>Fotos: Reprodu\u00e7\u00e3o\/WhatsApp&nbsp; Um homem que seguia para a Feira de Gado de Caruaru conduzindo um caminh\u00e3o foi assassinado em Encruzilhada&hellip;<\/p>\n","protected":false},"author":1,"featured_media":0,"comment_status":"open","ping_status":"open","sticky":false,"template":"","format":"standard","meta":{"footnotes":""},"categories":[1],"tags":[1548,2,7165,7166,2828,551,3149,13],"class_list":["post-5395","post","type-post","status-publish","format-standard","hentry","category-sem-categoria","tag-bezerros","tag-blog-do-edvaldo-magalhaes","tag-caminhoneiro-vitima-de-latrocinio-na-br-232-nesta-terca-11","tag-corolla","tag-encruzilhada-de-sao-joao","tag-gravata","tag-iml","tag-policial"],"_links":{"self":[{"href":"https:\/\/blogdoedvaldomagalhaes.com.br\/index.php\/wp-json\/wp\/v2\/posts\/5395","targetHints":{"allow":["GET"]}}],"collection":[{"href":"https:\/\/blogdoedvaldomagalhaes.com.br\/index.php\/wp-json\/wp\/v2\/posts"}],"about":[{"href":"https:\/\/blogdoedvaldomagalhaes.com.br\/index.php\/wp-json\/wp\/v2\/types\/post"}],"author":[{"embeddable":true,"href":"https:\/\/blogdoedvaldomagalhaes.com.br\/index.php\/wp-json\/wp\/v2\/users\/1"}],"replies":[{"embeddable":true,"href":"https:\/\/blogdoedvaldomagalhaes.com.br\/index.php\/wp-json\/wp\/v2\/comments?post=5395"}],"version-history":[{"count":1,"href":"https:\/\/blogdoedvaldomagalhaes.com.br\/index.php\/wp-json\/wp\/v2\/posts\/5395\/revisions"}],"predecessor-version":[{"id":21978,"href":"https:\/\/blogdoedvaldomagalhaes.com.br\/index.php\/wp-json\/wp\/v2\/posts\/5395\/revisions\/21978"}],"wp:attachment":[{"href":"https:\/\/blogdoedvaldomagalhaes.com.br\/index.php\/wp-json\/wp\/v2\/media?parent=5395"}],"wp:term":[{"taxonomy":"category","embeddable":true,"href":"https:\/\/blogdoedvaldomagalhaes.com.br\/index.php\/wp-json\/wp\/v2\/categories?post=5395"},{"taxonomy":"post_tag","embeddable":true,"href":"https:\/\/blogdoedvaldomagalhaes.com.br\/index.php\/wp-json\/wp\/v2\/tags?post=5395"}],"curies":[{"name":"wp","href":"https:\/\/api.w.org\/{rel}","templated":true}]}}