{"id":53943,"date":"2020-04-09T20:57:20","date_gmt":"2020-04-09T23:57:20","guid":{"rendered":"http:\/\/blogdoedvaldomagalhaes.com.br\/?p=53943"},"modified":"2020-04-09T22:05:11","modified_gmt":"2020-04-10T01:05:11","slug":"distribuicao-dos-kits-alimentares-para-alunos-da-rede-municipal-de-caruaru-confira","status":"publish","type":"post","link":"https:\/\/blogdoedvaldomagalhaes.com.br\/index.php\/2020\/04\/09\/distribuicao-dos-kits-alimentares-para-alunos-da-rede-municipal-de-caruaru-confira\/","title":{"rendered":"Distribui\u00e7\u00e3o dos kits alimentares para alunos da rede municipal de Caruaru; Confira"},"content":{"rendered":"<p style=\"text-align: justify;\"><span style=\"font-size: inherit;\">Entrega ser\u00e1 iniciada neste s\u00e1bado (11) e seguir\u00e1 por toda semana.<\/span><\/p>\n<p style=\"text-align: justify;\">Seguindo com as a\u00e7\u00f5es de combate \u00e0 Covid-19, a Prefeitura de Caruaru anuncia a distribui\u00e7\u00e3o dos kits alimentares para os estudantes da rede municipal de ensino. A distribui\u00e7\u00e3o ser\u00e1 iniciada no pr\u00f3ximo s\u00e1bado (11) e segue durante a semana, funcionando das 9h \u00e0s 17h, atendendo todas as unidades, seguindo um cronograma cuidadosamente definido para que n\u00e3o aconte\u00e7a aglomera\u00e7\u00f5es durante a entrega.<\/p>\n<p style=\"text-align: justify;\">O munic\u00edpio atende 43.325 alunos em toda a rede. \u201cTivemos o cuidado de formatar um combo com alguns produtos que s\u00e3o oferecidos nas escolas e que ir\u00e3o garantir que os alunos estejam bem alimentados durante esse per\u00edodo de quarentena\u201d, explica Henrique Oliveira, Secret\u00e1rio de Educa\u00e7\u00e3o do munic\u00edpio.<\/p>\n<p style=\"text-align: justify;\">Cada fam\u00edlia que tem um aluno matriculado na rede ter\u00e1 direito a um kit alimenta\u00e7\u00e3o. Para fam\u00edlias com dois ou mais alunos, ser\u00e3o entregues dois kits. Para a retirada dos alimentos, as m\u00e3es, pais ou respons\u00e1veis precisar\u00e3o apresentar algum documento de identifica\u00e7\u00e3o do estudante, como RG ou Certid\u00e3o de Nascimento. No caso de fam\u00edlias com mais de um aluno matriculado na rede municipal, o adulto respons\u00e1vel dever\u00e1 se dirigir para a escola da crian\u00e7a mais nova. Os estudantes do programa de Educa\u00e7\u00e3o de Jovens e Adultos tamb\u00e9m ser\u00e3o atendidos pelos kits.<\/p>\n<p style=\"text-align: justify;\">A distribui\u00e7\u00e3o ser\u00e1 feita por distritos, turnos e perfil das unidades de ensino. Em cada escola ser\u00e3o respeitadas as recomenda\u00e7\u00f5es dos \u00f3rg\u00e3os de sa\u00fade no atendimento \u00e0s pessoas, garantindo a seguran\u00e7a dos profissionais e popula\u00e7\u00e3o. \u201c\u00c9 importante refor\u00e7ar tamb\u00e9m que apenas uma pessoa compare\u00e7a \u00e0s escolas e que as crian\u00e7as, idosos e pessoas que fazem parte do grupo de risco fiquem em casa\u201d, acrescenta o secret\u00e1rio.<\/p>\n<p style=\"text-align: justify;\">Confira o cronograma de entrega dos kits alimentares em Caruaru:<\/p>\n<p style=\"text-align: justify;\">*Dia 11\/04*<br>\nManh\u00e3 &#8211; 1\u00ba distrito<br>\nTarde &#8211; 2\u00ba distrito<\/p>\n<p style=\"text-align: justify;\">*Dia 12\/04*<br>\nManh\u00e3 &#8211; 3\u00ba distrito<br>\nTarde &#8211; 4\u00ba distrito<\/p>\n<p style=\"text-align: justify;\">*Dia 13\/04*<br>\nManh\u00e3 e tarde &#8211; Centros Municipais de Educa\u00e7\u00e3o Infantil (CMEIs)<\/p>\n<p style=\"text-align: justify;\">*Dia 14\/04*<br>\nManh\u00e3 e tarde &#8211; Escolas em Tempo Integral (ETIs)<\/p>\n<p style=\"text-align: justify;\">*Dias 15,16 e 17\/04*<br>\nManh\u00e3 e tarde &#8211; demais escolas<\/p>\n\n\n<figure class=\"wp-block-image size-large\"><img loading=\"lazy\" decoding=\"async\" width=\"819\" height=\"1024\" src=\"http:\/\/blogdoedvaldomagalhaes.com.br\/wp-content\/uploads\/2020\/04\/IMG-20200409-WA0259-819x1024.jpg\" alt=\"\" class=\"wp-image-53947\" srcset=\"https:\/\/blogdoedvaldomagalhaes.com.br\/wp-content\/uploads\/2020\/04\/IMG-20200409-WA0259-819x1024.jpg 819w, https:\/\/blogdoedvaldomagalhaes.com.br\/wp-content\/uploads\/2020\/04\/IMG-20200409-WA0259-240x300.jpg 240w, https:\/\/blogdoedvaldomagalhaes.com.br\/wp-content\/uploads\/2020\/04\/IMG-20200409-WA0259-768x960.jpg 768w, https:\/\/blogdoedvaldomagalhaes.com.br\/wp-content\/uploads\/2020\/04\/IMG-20200409-WA0259.jpg 1024w\" sizes=\"auto, (max-width: 819px) 100vw, 819px\" \/><\/figure>\n","protected":false},"excerpt":{"rendered":"<p>Entrega ser\u00e1 iniciada neste s\u00e1bado (11) e seguir\u00e1 por toda semana. Seguindo com as a\u00e7\u00f5es de combate \u00e0 Covid-19, a&hellip;<\/p>\n","protected":false},"author":1,"featured_media":53944,"comment_status":"open","ping_status":"open","sticky":false,"template":"","format":"standard","meta":{"footnotes":""},"categories":[14120],"tags":[2,16881,17781],"class_list":["post-53943","post","type-post","status-publish","format-standard","has-post-thumbnail","hentry","category-noticias","tag-blog-do-edvaldo-magalhaes","tag-caruaru-e-regiao","tag-distribuicao-dos-kits-alimentares-para-alunos-da-rede-municipal-de-caruaru-confira"],"_links":{"self":[{"href":"https:\/\/blogdoedvaldomagalhaes.com.br\/index.php\/wp-json\/wp\/v2\/posts\/53943","targetHints":{"allow":["GET"]}}],"collection":[{"href":"https:\/\/blogdoedvaldomagalhaes.com.br\/index.php\/wp-json\/wp\/v2\/posts"}],"about":[{"href":"https:\/\/blogdoedvaldomagalhaes.com.br\/index.php\/wp-json\/wp\/v2\/types\/post"}],"author":[{"embeddable":true,"href":"https:\/\/blogdoedvaldomagalhaes.com.br\/index.php\/wp-json\/wp\/v2\/users\/1"}],"replies":[{"embeddable":true,"href":"https:\/\/blogdoedvaldomagalhaes.com.br\/index.php\/wp-json\/wp\/v2\/comments?post=53943"}],"version-history":[{"count":2,"href":"https:\/\/blogdoedvaldomagalhaes.com.br\/index.php\/wp-json\/wp\/v2\/posts\/53943\/revisions"}],"predecessor-version":[{"id":53948,"href":"https:\/\/blogdoedvaldomagalhaes.com.br\/index.php\/wp-json\/wp\/v2\/posts\/53943\/revisions\/53948"}],"wp:featuredmedia":[{"embeddable":true,"href":"https:\/\/blogdoedvaldomagalhaes.com.br\/index.php\/wp-json\/wp\/v2\/media\/53944"}],"wp:attachment":[{"href":"https:\/\/blogdoedvaldomagalhaes.com.br\/index.php\/wp-json\/wp\/v2\/media?parent=53943"}],"wp:term":[{"taxonomy":"category","embeddable":true,"href":"https:\/\/blogdoedvaldomagalhaes.com.br\/index.php\/wp-json\/wp\/v2\/categories?post=53943"},{"taxonomy":"post_tag","embeddable":true,"href":"https:\/\/blogdoedvaldomagalhaes.com.br\/index.php\/wp-json\/wp\/v2\/tags?post=53943"}],"curies":[{"name":"wp","href":"https:\/\/api.w.org\/{rel}","templated":true}]}}