{"id":53938,"date":"2020-04-09T20:14:59","date_gmt":"2020-04-09T23:14:59","guid":{"rendered":"http:\/\/blogdoedvaldomagalhaes.com.br\/?p=53938"},"modified":"2020-04-09T22:01:21","modified_gmt":"2020-04-10T01:01:21","slug":"secretaria-de-saude-de-caruaru-confirma-mais-dois-casos-de-covid-19","status":"publish","type":"post","link":"https:\/\/blogdoedvaldomagalhaes.com.br\/index.php\/2020\/04\/09\/secretaria-de-saude-de-caruaru-confirma-mais-dois-casos-de-covid-19\/","title":{"rendered":"Secretaria de Sa\u00fade de Caruaru confirma mais dois casos de Covid-19"},"content":{"rendered":"<p style=\"text-align: justify;\"><span style=\"font-size: inherit;\">A Secretaria de Sa\u00fade de Caruaru informa mais duas confirma\u00e7\u00f5es de Covid-19 na cidade. Trata-se de um caso importado, que esteve internado em um hospital particular de Caruaru com quadro leve da doen\u00e7a. O paciente n\u00e3o est\u00e1 mais no per\u00edodo de transmiss\u00e3o e n\u00e3o apresenta mais qualquer sintoma.<\/span><\/p>\n<p style=\"text-align: justify;\">J\u00e1 o segundo caso foi de transmiss\u00e3o comunit\u00e1ria. O paciente encontra-se internado no Hospital Mestre Vitalino, com quadro de sa\u00fade est\u00e1vel.<\/p>\n<p style=\"text-align: justify;\">Caruaru agora conta com cinco confirma\u00e7\u00f5es de Covid-19.<\/p>\n","protected":false},"excerpt":{"rendered":"<p>A Secretaria de Sa\u00fade de Caruaru informa mais duas confirma\u00e7\u00f5es de Covid-19 na cidade. Trata-se de um caso importado, que&hellip;<\/p>\n","protected":false},"author":1,"featured_media":53946,"comment_status":"open","ping_status":"open","sticky":false,"template":"","format":"standard","meta":{"footnotes":""},"categories":[14120],"tags":[2,16881,17780],"class_list":["post-53938","post","type-post","status-publish","format-standard","has-post-thumbnail","hentry","category-noticias","tag-blog-do-edvaldo-magalhaes","tag-caruaru-e-regiao","tag-secretaria-de-saude-de-caruaru-confirma-mais-dois-casos-de-covid-19"],"_links":{"self":[{"href":"https:\/\/blogdoedvaldomagalhaes.com.br\/index.php\/wp-json\/wp\/v2\/posts\/53938","targetHints":{"allow":["GET"]}}],"collection":[{"href":"https:\/\/blogdoedvaldomagalhaes.com.br\/index.php\/wp-json\/wp\/v2\/posts"}],"about":[{"href":"https:\/\/blogdoedvaldomagalhaes.com.br\/index.php\/wp-json\/wp\/v2\/types\/post"}],"author":[{"embeddable":true,"href":"https:\/\/blogdoedvaldomagalhaes.com.br\/index.php\/wp-json\/wp\/v2\/users\/1"}],"replies":[{"embeddable":true,"href":"https:\/\/blogdoedvaldomagalhaes.com.br\/index.php\/wp-json\/wp\/v2\/comments?post=53938"}],"version-history":[{"count":1,"href":"https:\/\/blogdoedvaldomagalhaes.com.br\/index.php\/wp-json\/wp\/v2\/posts\/53938\/revisions"}],"predecessor-version":[{"id":53940,"href":"https:\/\/blogdoedvaldomagalhaes.com.br\/index.php\/wp-json\/wp\/v2\/posts\/53938\/revisions\/53940"}],"wp:featuredmedia":[{"embeddable":true,"href":"https:\/\/blogdoedvaldomagalhaes.com.br\/index.php\/wp-json\/wp\/v2\/media\/53946"}],"wp:attachment":[{"href":"https:\/\/blogdoedvaldomagalhaes.com.br\/index.php\/wp-json\/wp\/v2\/media?parent=53938"}],"wp:term":[{"taxonomy":"category","embeddable":true,"href":"https:\/\/blogdoedvaldomagalhaes.com.br\/index.php\/wp-json\/wp\/v2\/categories?post=53938"},{"taxonomy":"post_tag","embeddable":true,"href":"https:\/\/blogdoedvaldomagalhaes.com.br\/index.php\/wp-json\/wp\/v2\/tags?post=53938"}],"curies":[{"name":"wp","href":"https:\/\/api.w.org\/{rel}","templated":true}]}}