{"id":53922,"date":"2020-04-09T14:23:58","date_gmt":"2020-04-09T17:23:58","guid":{"rendered":"http:\/\/blogdoedvaldomagalhaes.com.br\/?p=53922"},"modified":"2020-04-09T14:24:00","modified_gmt":"2020-04-09T17:24:00","slug":"caso-suspeito-de-covid-19-em-riacho-das-almas-e-descartado","status":"publish","type":"post","link":"https:\/\/blogdoedvaldomagalhaes.com.br\/index.php\/2020\/04\/09\/caso-suspeito-de-covid-19-em-riacho-das-almas-e-descartado\/","title":{"rendered":"Caso suspeito de Covid-19 em Riacho das Almas \u00e9 descartado"},"content":{"rendered":"<p><span style=\"font-size: inherit;\">A Secretaria de Sa\u00fade de Riacho das Almas informa que o caso suspeito de Covid-19 encaminhado nesta quarta-feira (8) para o Hospital Mestre Vitalino foi descartado. A paciente de 79 anos que apresentava sintomas de febre, falta de ar e tosse foi submetida a exames que descartaram a possibilidade de infec\u00e7\u00e3o por coronav\u00edrus.<\/span><\/p>\n<p>De acordo com a Secretaria de Sa\u00fade, a mulher tem problemas card\u00edacos e est\u00e1 com infec\u00e7\u00e3o urin\u00e1ria, o que justifica o quadro febril.<\/p>\n<p>Mais um diagn\u00f3stico &#8211; A Secretaria de Sa\u00fade de Riacho das Almas informa tamb\u00e9m que realizou na noite desta quarta-feira (8) a testagem para o coronav\u00edrus de uma paciente internada na Unidade Mista Jo\u00e3o Soares da Fonseca que apresentava sintomas como tosse, febre e falta de ar. O teste deu negativo, e o diagn\u00f3stico da paciente, que tem 71 anos, \u00e9 de pneumonia.<\/p>\n<p>A Secretaria de Sa\u00fade de Riacho das Almas esclarece que est\u00e1 seguindo os protocolos da OMS e do Minist\u00e9rio da Sa\u00fade, e que tratar\u00e1 como caso suspeito de coronav\u00edrus QUALQUER paciente que apresentar sintomas de tosse, febre e falta de ar. Apenas ap\u00f3s a investiga\u00e7\u00e3o com avalia\u00e7\u00e3o m\u00e9dica e realiza\u00e7\u00e3o de exames, a possibilidade de Covid-19 pode ou n\u00e3o ser descartada.<\/p>\n","protected":false},"excerpt":{"rendered":"<p>A Secretaria de Sa\u00fade de Riacho das Almas informa que o caso suspeito de Covid-19 encaminhado nesta quarta-feira (8) para&hellip;<\/p>\n","protected":false},"author":1,"featured_media":53923,"comment_status":"open","ping_status":"open","sticky":false,"template":"","format":"standard","meta":{"footnotes":""},"categories":[14120],"tags":[2,16881,17778],"class_list":["post-53922","post","type-post","status-publish","format-standard","has-post-thumbnail","hentry","category-noticias","tag-blog-do-edvaldo-magalhaes","tag-caruaru-e-regiao","tag-caso-suspeito-de-covid-19-em-riacho-das-almas-e-descartado"],"_links":{"self":[{"href":"https:\/\/blogdoedvaldomagalhaes.com.br\/index.php\/wp-json\/wp\/v2\/posts\/53922","targetHints":{"allow":["GET"]}}],"collection":[{"href":"https:\/\/blogdoedvaldomagalhaes.com.br\/index.php\/wp-json\/wp\/v2\/posts"}],"about":[{"href":"https:\/\/blogdoedvaldomagalhaes.com.br\/index.php\/wp-json\/wp\/v2\/types\/post"}],"author":[{"embeddable":true,"href":"https:\/\/blogdoedvaldomagalhaes.com.br\/index.php\/wp-json\/wp\/v2\/users\/1"}],"replies":[{"embeddable":true,"href":"https:\/\/blogdoedvaldomagalhaes.com.br\/index.php\/wp-json\/wp\/v2\/comments?post=53922"}],"version-history":[{"count":1,"href":"https:\/\/blogdoedvaldomagalhaes.com.br\/index.php\/wp-json\/wp\/v2\/posts\/53922\/revisions"}],"predecessor-version":[{"id":53924,"href":"https:\/\/blogdoedvaldomagalhaes.com.br\/index.php\/wp-json\/wp\/v2\/posts\/53922\/revisions\/53924"}],"wp:featuredmedia":[{"embeddable":true,"href":"https:\/\/blogdoedvaldomagalhaes.com.br\/index.php\/wp-json\/wp\/v2\/media\/53923"}],"wp:attachment":[{"href":"https:\/\/blogdoedvaldomagalhaes.com.br\/index.php\/wp-json\/wp\/v2\/media?parent=53922"}],"wp:term":[{"taxonomy":"category","embeddable":true,"href":"https:\/\/blogdoedvaldomagalhaes.com.br\/index.php\/wp-json\/wp\/v2\/categories?post=53922"},{"taxonomy":"post_tag","embeddable":true,"href":"https:\/\/blogdoedvaldomagalhaes.com.br\/index.php\/wp-json\/wp\/v2\/tags?post=53922"}],"curies":[{"name":"wp","href":"https:\/\/api.w.org\/{rel}","templated":true}]}}