{"id":53918,"date":"2020-04-09T14:05:40","date_gmt":"2020-04-09T17:05:40","guid":{"rendered":"http:\/\/blogdoedvaldomagalhaes.com.br\/?p=53918"},"modified":"2020-04-09T14:05:43","modified_gmt":"2020-04-09T17:05:43","slug":"hospital-mestre-vitalino-atendeu-ate-o-momento-7-pacientes-confirmados-de-covid-19-confira","status":"publish","type":"post","link":"https:\/\/blogdoedvaldomagalhaes.com.br\/index.php\/2020\/04\/09\/hospital-mestre-vitalino-atendeu-ate-o-momento-7-pacientes-confirmados-de-covid-19-confira\/","title":{"rendered":"Hospital Mestre Vitalino atendeu at\u00e9 o momento 7 pacientes confirmados de Covid-19; Confira"},"content":{"rendered":"<p style=\"text-align: justify;\">BOLETIM HOSPITAL MESTRE VITALINO (09)<\/p>\n<p style=\"text-align: justify;\"><span style=\"font-size: inherit;\">O Hospital Mestre Vitalino atendeu at\u00e9 o momento sete pacientes com casos confirmados de infec\u00e7\u00e3o pelo novo coronav\u00edrus (Covid-19).<\/span><\/p>\n<p style=\"text-align: justify;\">\u2022 Dois foram transferidos para uma unidade de sa\u00fade privada em Recife;<\/p>\n<p style=\"text-align: justify;\">\u2022 Um recebeu alta para isolamento domiciliar;<\/p>\n<p style=\"text-align: justify;\">\u2022 Quatro deles est\u00e3o internados na unidade, sendo dois (34 e 39 anos) dos munic\u00edpios de (Capoeiras e Frei Miguelinho) respectivamente, na Cl\u00ednica (enfermaria); e dois (44 e 50 anos) dos munic\u00edpios de (Jo\u00e3o Alfredo e Recife) na Unidade de Terapia Intensiva (UTI).<\/p>\n","protected":false},"excerpt":{"rendered":"<p>BOLETIM HOSPITAL MESTRE VITALINO (09) O Hospital Mestre Vitalino atendeu at\u00e9 o momento sete pacientes com casos confirmados de infec\u00e7\u00e3o&hellip;<\/p>\n","protected":false},"author":1,"featured_media":53919,"comment_status":"open","ping_status":"open","sticky":false,"template":"","format":"standard","meta":{"footnotes":""},"categories":[14120],"tags":[2,16881,17777],"class_list":["post-53918","post","type-post","status-publish","format-standard","has-post-thumbnail","hentry","category-noticias","tag-blog-do-edvaldo-magalhaes","tag-caruaru-e-regiao","tag-hospital-mestre-vitalino-atendeu-ate-o-momento-7-pacientes-confirmados-de-covid-19-confira"],"_links":{"self":[{"href":"https:\/\/blogdoedvaldomagalhaes.com.br\/index.php\/wp-json\/wp\/v2\/posts\/53918","targetHints":{"allow":["GET"]}}],"collection":[{"href":"https:\/\/blogdoedvaldomagalhaes.com.br\/index.php\/wp-json\/wp\/v2\/posts"}],"about":[{"href":"https:\/\/blogdoedvaldomagalhaes.com.br\/index.php\/wp-json\/wp\/v2\/types\/post"}],"author":[{"embeddable":true,"href":"https:\/\/blogdoedvaldomagalhaes.com.br\/index.php\/wp-json\/wp\/v2\/users\/1"}],"replies":[{"embeddable":true,"href":"https:\/\/blogdoedvaldomagalhaes.com.br\/index.php\/wp-json\/wp\/v2\/comments?post=53918"}],"version-history":[{"count":1,"href":"https:\/\/blogdoedvaldomagalhaes.com.br\/index.php\/wp-json\/wp\/v2\/posts\/53918\/revisions"}],"predecessor-version":[{"id":53920,"href":"https:\/\/blogdoedvaldomagalhaes.com.br\/index.php\/wp-json\/wp\/v2\/posts\/53918\/revisions\/53920"}],"wp:featuredmedia":[{"embeddable":true,"href":"https:\/\/blogdoedvaldomagalhaes.com.br\/index.php\/wp-json\/wp\/v2\/media\/53919"}],"wp:attachment":[{"href":"https:\/\/blogdoedvaldomagalhaes.com.br\/index.php\/wp-json\/wp\/v2\/media?parent=53918"}],"wp:term":[{"taxonomy":"category","embeddable":true,"href":"https:\/\/blogdoedvaldomagalhaes.com.br\/index.php\/wp-json\/wp\/v2\/categories?post=53918"},{"taxonomy":"post_tag","embeddable":true,"href":"https:\/\/blogdoedvaldomagalhaes.com.br\/index.php\/wp-json\/wp\/v2\/tags?post=53918"}],"curies":[{"name":"wp","href":"https:\/\/api.w.org\/{rel}","templated":true}]}}