{"id":53915,"date":"2020-04-09T13:41:58","date_gmt":"2020-04-09T16:41:58","guid":{"rendered":"http:\/\/blogdoedvaldomagalhaes.com.br\/?p=53915"},"modified":"2020-04-09T13:42:01","modified_gmt":"2020-04-09T16:42:01","slug":"alunos-da-rede-municipal-de-caruaru-vao-receber-kit-alimentar-a-partir-deste-sabado-11","status":"publish","type":"post","link":"https:\/\/blogdoedvaldomagalhaes.com.br\/index.php\/2020\/04\/09\/alunos-da-rede-municipal-de-caruaru-vao-receber-kit-alimentar-a-partir-deste-sabado-11\/","title":{"rendered":"Alunos da Rede Municipal de Caruaru v\u00e3o receber kit alimentar a partir deste s\u00e1bado (11)"},"content":{"rendered":"<p style=\"text-align: justify;\">A prefeita\u00a0 de Caruaru, Raquel Lyra (PSDB),\u00a0 anunciou nas redes sociais, na noite dessa quarta-feira (08), uma nova medida a ser tomada em meio a Pandemia do Covid-19.<\/p>\n<p style=\"text-align: justify;\">A partir do pr\u00f3ximo s\u00e1bado (11), os alunos da rede municipal de ensino ir\u00e3o receber o Kit Alimentar. Nesta quinta-feira (9), o cronograma de distribui\u00e7\u00e3o ser\u00e1 divulgado, orientando as m\u00e3es, pais e respons\u00e1veis como ser\u00e3o realizadas as entregas.<\/p>\n<p>Foto: Jana\u00edna Pepeu\/Divulga\u00e7\u00e3o.<\/p>\n","protected":false},"excerpt":{"rendered":"<p>A prefeita\u00a0 de Caruaru, Raquel Lyra (PSDB),\u00a0 anunciou nas redes sociais, na noite dessa quarta-feira (08), uma nova medida a&hellip;<\/p>\n","protected":false},"author":1,"featured_media":53916,"comment_status":"open","ping_status":"open","sticky":false,"template":"","format":"standard","meta":{"footnotes":""},"categories":[14120],"tags":[17776,2,16881],"class_list":["post-53915","post","type-post","status-publish","format-standard","has-post-thumbnail","hentry","category-noticias","tag-alunos-da-rede-municipal-de-caruaru-vao-receber-kit-alimentar-a-partir-deste-sabado-11","tag-blog-do-edvaldo-magalhaes","tag-caruaru-e-regiao"],"_links":{"self":[{"href":"https:\/\/blogdoedvaldomagalhaes.com.br\/index.php\/wp-json\/wp\/v2\/posts\/53915","targetHints":{"allow":["GET"]}}],"collection":[{"href":"https:\/\/blogdoedvaldomagalhaes.com.br\/index.php\/wp-json\/wp\/v2\/posts"}],"about":[{"href":"https:\/\/blogdoedvaldomagalhaes.com.br\/index.php\/wp-json\/wp\/v2\/types\/post"}],"author":[{"embeddable":true,"href":"https:\/\/blogdoedvaldomagalhaes.com.br\/index.php\/wp-json\/wp\/v2\/users\/1"}],"replies":[{"embeddable":true,"href":"https:\/\/blogdoedvaldomagalhaes.com.br\/index.php\/wp-json\/wp\/v2\/comments?post=53915"}],"version-history":[{"count":1,"href":"https:\/\/blogdoedvaldomagalhaes.com.br\/index.php\/wp-json\/wp\/v2\/posts\/53915\/revisions"}],"predecessor-version":[{"id":53917,"href":"https:\/\/blogdoedvaldomagalhaes.com.br\/index.php\/wp-json\/wp\/v2\/posts\/53915\/revisions\/53917"}],"wp:featuredmedia":[{"embeddable":true,"href":"https:\/\/blogdoedvaldomagalhaes.com.br\/index.php\/wp-json\/wp\/v2\/media\/53916"}],"wp:attachment":[{"href":"https:\/\/blogdoedvaldomagalhaes.com.br\/index.php\/wp-json\/wp\/v2\/media?parent=53915"}],"wp:term":[{"taxonomy":"category","embeddable":true,"href":"https:\/\/blogdoedvaldomagalhaes.com.br\/index.php\/wp-json\/wp\/v2\/categories?post=53915"},{"taxonomy":"post_tag","embeddable":true,"href":"https:\/\/blogdoedvaldomagalhaes.com.br\/index.php\/wp-json\/wp\/v2\/tags?post=53915"}],"curies":[{"name":"wp","href":"https:\/\/api.w.org\/{rel}","templated":true}]}}