{"id":53906,"date":"2020-04-09T12:38:29","date_gmt":"2020-04-09T15:38:29","guid":{"rendered":"http:\/\/blogdoedvaldomagalhaes.com.br\/?p=53906"},"modified":"2020-04-09T12:38:32","modified_gmt":"2020-04-09T15:38:32","slug":"secretaria-de-saude-pe-confirma-154-novos-casos-de-covid-19-e-mais-10-obitos","status":"publish","type":"post","link":"https:\/\/blogdoedvaldomagalhaes.com.br\/index.php\/2020\/04\/09\/secretaria-de-saude-pe-confirma-154-novos-casos-de-covid-19-e-mais-10-obitos\/","title":{"rendered":"Secretaria de Sa\u00fade-PE confirma 154 novos casos de Covid-19 e mais 10 \u00f3bitos"},"content":{"rendered":"<p style=\"text-align: justify;\">Nesta quinta-feira (09.04), Pernambuco confirmou 154 novos casos do Novo Coronav\u00edrus. Com isso, o Estado totaliza 555 casos confirmados da doen\u00e7a. Tamb\u00e9m foram confirmados mais 10 \u00f3bitos (4 mulheres e 6 homens, com idades entre 49 e 93 anos), ocorridos entre os dias 05.04 e 07.04 &#8211; s\u00e3o 56 mortes pela Covid-19 at\u00e9 agora. Diante do aumento do n\u00famero de casos, o governador Paulo C\u00e2mara pede para que os pernambucanos n\u00e3o viajem no feriado da p\u00e1scoa.<\/p>\n<p style=\"text-align: justify;\">O boletim completo, com os detalhes epidemiol\u00f3gicos, ser\u00e1 divulgado na tarde de hoje pela Secretaria Estadual de Sa\u00fade.<\/p>\n","protected":false},"excerpt":{"rendered":"<p>Nesta quinta-feira (09.04), Pernambuco confirmou 154 novos casos do Novo Coronav\u00edrus. Com isso, o Estado totaliza 555 casos confirmados da&hellip;<\/p>\n","protected":false},"author":1,"featured_media":53907,"comment_status":"open","ping_status":"open","sticky":false,"template":"","format":"standard","meta":{"footnotes":""},"categories":[14120],"tags":[2,16881,17774],"class_list":["post-53906","post","type-post","status-publish","format-standard","has-post-thumbnail","hentry","category-noticias","tag-blog-do-edvaldo-magalhaes","tag-caruaru-e-regiao","tag-secretaria-de-saude-pe-confirma-154-novos-casos-de-covid-19-e-mais-10-obitos"],"_links":{"self":[{"href":"https:\/\/blogdoedvaldomagalhaes.com.br\/index.php\/wp-json\/wp\/v2\/posts\/53906","targetHints":{"allow":["GET"]}}],"collection":[{"href":"https:\/\/blogdoedvaldomagalhaes.com.br\/index.php\/wp-json\/wp\/v2\/posts"}],"about":[{"href":"https:\/\/blogdoedvaldomagalhaes.com.br\/index.php\/wp-json\/wp\/v2\/types\/post"}],"author":[{"embeddable":true,"href":"https:\/\/blogdoedvaldomagalhaes.com.br\/index.php\/wp-json\/wp\/v2\/users\/1"}],"replies":[{"embeddable":true,"href":"https:\/\/blogdoedvaldomagalhaes.com.br\/index.php\/wp-json\/wp\/v2\/comments?post=53906"}],"version-history":[{"count":1,"href":"https:\/\/blogdoedvaldomagalhaes.com.br\/index.php\/wp-json\/wp\/v2\/posts\/53906\/revisions"}],"predecessor-version":[{"id":53908,"href":"https:\/\/blogdoedvaldomagalhaes.com.br\/index.php\/wp-json\/wp\/v2\/posts\/53906\/revisions\/53908"}],"wp:featuredmedia":[{"embeddable":true,"href":"https:\/\/blogdoedvaldomagalhaes.com.br\/index.php\/wp-json\/wp\/v2\/media\/53907"}],"wp:attachment":[{"href":"https:\/\/blogdoedvaldomagalhaes.com.br\/index.php\/wp-json\/wp\/v2\/media?parent=53906"}],"wp:term":[{"taxonomy":"category","embeddable":true,"href":"https:\/\/blogdoedvaldomagalhaes.com.br\/index.php\/wp-json\/wp\/v2\/categories?post=53906"},{"taxonomy":"post_tag","embeddable":true,"href":"https:\/\/blogdoedvaldomagalhaes.com.br\/index.php\/wp-json\/wp\/v2\/tags?post=53906"}],"curies":[{"name":"wp","href":"https:\/\/api.w.org\/{rel}","templated":true}]}}