{"id":53902,"date":"2020-04-08T22:34:19","date_gmt":"2020-04-09T01:34:19","guid":{"rendered":"http:\/\/blogdoedvaldomagalhaes.com.br\/?p=53902"},"modified":"2020-04-08T22:37:23","modified_gmt":"2020-04-09T01:37:23","slug":"presidio-de-pesqueira-tem-mais-de-30-presos-isolados-com-sintomas-de-gripe","status":"publish","type":"post","link":"https:\/\/blogdoedvaldomagalhaes.com.br\/index.php\/2020\/04\/08\/presidio-de-pesqueira-tem-mais-de-30-presos-isolados-com-sintomas-de-gripe\/","title":{"rendered":"Pres\u00eddio de Pesqueira tem mais de 30 presos isolados com sintomas de gripe"},"content":{"rendered":"<p style=\"text-align: justify;\">Nota \u00e0 Imprensa<\/p>\n<p style=\"text-align: justify;\">A Secretaria Executiva de Ressocializa\u00e7\u00e3o (Seres), juntamente com a Secretaria Estadual de Sa\u00fade de Pernambuco (SES-PE), informam que no momento realizam o monitoramento de 37 pessoas privadas de liberdade (PPLs) no Pres\u00eddio Desembargador Augusto Duque, em Pesqueira. Todos com s\u00edndrome gripal e, como medida de preven\u00e7\u00e3o e controle, em isolamento na unidade prisional.&nbsp;&nbsp;Os \u00f3rg\u00e3os ressaltam que n\u00e3o h\u00e1 casos confirmados da doen\u00e7a nas unidades prisionais do Estado.<\/p>\n<p style=\"text-align: justify;\">As PPLs que apresentem sintomas gripais s\u00e3o acompanhadas diariamente pelos profissionais de sa\u00fade das Equipes de Aten\u00e7\u00e3o Prim\u00e1ria Prisional (EAPPs). Caso ocorram agravamento dos sintomas s\u00e3o encaminhadas para assist\u00eancia em unidade de refer\u00eancia da Rede de Aten\u00e7\u00e3o \u00e0 Sa\u00fade (RAS).<\/p>\n<p style=\"text-align: justify;\">A SES-PE informa que vem desenvolvendo um processo cont\u00ednuo de capacita\u00e7\u00e3o para os profissionais de sa\u00fade das EAPPs e policiais penais, com o objetivo de preparar estes t\u00e9cnicos para o adequado acolhimento, reconhecimento precoce e controle de casos suspeitos para a infec\u00e7\u00e3o humana pelo novo Coronav\u00edrus (COVID &#8211; 19).<\/p>\n","protected":false},"excerpt":{"rendered":"<p>Nota \u00e0 Imprensa A Secretaria Executiva de Ressocializa\u00e7\u00e3o (Seres), juntamente com a Secretaria Estadual de Sa\u00fade de Pernambuco (SES-PE), informam&hellip;<\/p>\n","protected":false},"author":1,"featured_media":53903,"comment_status":"open","ping_status":"open","sticky":false,"template":"","format":"standard","meta":{"footnotes":""},"categories":[14121],"tags":[2,16881,17773],"class_list":["post-53902","post","type-post","status-publish","format-standard","has-post-thumbnail","hentry","category-policial","tag-blog-do-edvaldo-magalhaes","tag-caruaru-e-regiao","tag-presidio-de-pesqueira-tem-mais-de-30-presos-isolados-com-sintomas-de-gripe"],"_links":{"self":[{"href":"https:\/\/blogdoedvaldomagalhaes.com.br\/index.php\/wp-json\/wp\/v2\/posts\/53902","targetHints":{"allow":["GET"]}}],"collection":[{"href":"https:\/\/blogdoedvaldomagalhaes.com.br\/index.php\/wp-json\/wp\/v2\/posts"}],"about":[{"href":"https:\/\/blogdoedvaldomagalhaes.com.br\/index.php\/wp-json\/wp\/v2\/types\/post"}],"author":[{"embeddable":true,"href":"https:\/\/blogdoedvaldomagalhaes.com.br\/index.php\/wp-json\/wp\/v2\/users\/1"}],"replies":[{"embeddable":true,"href":"https:\/\/blogdoedvaldomagalhaes.com.br\/index.php\/wp-json\/wp\/v2\/comments?post=53902"}],"version-history":[{"count":2,"href":"https:\/\/blogdoedvaldomagalhaes.com.br\/index.php\/wp-json\/wp\/v2\/posts\/53902\/revisions"}],"predecessor-version":[{"id":53905,"href":"https:\/\/blogdoedvaldomagalhaes.com.br\/index.php\/wp-json\/wp\/v2\/posts\/53902\/revisions\/53905"}],"wp:featuredmedia":[{"embeddable":true,"href":"https:\/\/blogdoedvaldomagalhaes.com.br\/index.php\/wp-json\/wp\/v2\/media\/53903"}],"wp:attachment":[{"href":"https:\/\/blogdoedvaldomagalhaes.com.br\/index.php\/wp-json\/wp\/v2\/media?parent=53902"}],"wp:term":[{"taxonomy":"category","embeddable":true,"href":"https:\/\/blogdoedvaldomagalhaes.com.br\/index.php\/wp-json\/wp\/v2\/categories?post=53902"},{"taxonomy":"post_tag","embeddable":true,"href":"https:\/\/blogdoedvaldomagalhaes.com.br\/index.php\/wp-json\/wp\/v2\/tags?post=53902"}],"curies":[{"name":"wp","href":"https:\/\/api.w.org\/{rel}","templated":true}]}}