{"id":53898,"date":"2020-04-08T21:53:14","date_gmt":"2020-04-09T00:53:14","guid":{"rendered":"http:\/\/blogdoedvaldomagalhaes.com.br\/?p=53898"},"modified":"2020-04-08T21:53:17","modified_gmt":"2020-04-09T00:53:17","slug":"detentas-da-colonia-do-recife-produzem-mascaras-de-protecao","status":"publish","type":"post","link":"https:\/\/blogdoedvaldomagalhaes.com.br\/index.php\/2020\/04\/08\/detentas-da-colonia-do-recife-produzem-mascaras-de-protecao\/","title":{"rendered":"Detentas da Col\u00f4nia do Recife produzem m\u00e1scaras de prote\u00e7\u00e3o"},"content":{"rendered":"<p style=\"text-align: justify;\"><span style=\"font-size: inherit;\">As detentas da Col\u00f4nia Penal Feminina do Recife (CPFR), na Regi\u00e3o Metropolitana, iniciaram a produ\u00e7\u00e3o de m\u00e1scaras de prote\u00e7\u00e3o nesta segunda (06\/04) para o enfrentamento \u00e0 pandemia do coronav\u00edrus. O material ser\u00e1 destinado aos profissionais que atuam no sistema prisional e seguran\u00e7a p\u00fablica.<\/span><\/p>\n<p style=\"text-align: justify;\">De segunda a sexta-feira, das 8h \u00e0s 17h, com intervalo para almo\u00e7o, 20 reeducandas, com experi\u00eancia em costura, trabalham na confec\u00e7\u00e3o de m\u00e1scaras em TNT. A gerente da CPFR, Elis\u00e2ngela Santana, explica que est\u00e1 sendo avaliada a produ\u00e7\u00e3o. \u201cna segunda e ter\u00e7a de trabalho [6 e 7 de abril] elas conclu\u00edram 400 unidades. Estamos vendo qual ser\u00e1 a margem di\u00e1ria de produ\u00e7\u00e3o.\u201d A mat\u00e9ria-prima foi doada pelas empresas t\u00eaxteis Rochelle \u2013 el\u00e1stico e a disponibiliza\u00e7\u00e3o das m\u00e1quinas de costura &#8211; e Tek Shine, o TNT.<\/p>\n<p style=\"text-align: justify;\">\u201cEstamos ampliando as produ\u00e7\u00f5es de EPIs para mais unidades prisionais, come\u00e7amos com a penitenci\u00e1ria de Caruaru, depois Petrolina e agora a col\u00f4nia feminina. O momento \u00e9 de muito trabalho para enfrentar essa pandemia\u201d, destacou o secret\u00e1rio de Justi\u00e7a e Direitos Humanos, Pedro Eurico. Todos os envolvidos na fabrica\u00e7\u00e3o de Equipamentos de Prote\u00e7\u00e3o Individual t\u00eam direito \u00e0 remi\u00e7\u00e3o e pena na propor\u00e7\u00e3o de um dia a menos a cada tr\u00eas trabalhados.<\/p>\n<p style=\"text-align: justify;\">A Penitenci\u00e1ria Juiz Pl\u00e1cido de Souza, em Caruru, produziu 2.150 m\u00e1scaras protetoras em acetato com a m\u00e3o de obra de 16 detentos. As unidades foram doadas a institui\u00e7\u00f5es de sa\u00fade do munic\u00edpio. A Doutor Edvaldo Gomes (PDEG), em Petrolina, segue com a produ\u00e7\u00e3o e, at\u00e9 o momento, foram confeccionadas em torno de seis mil m\u00e1scaras em TNT com o trabalho de seis detentos e disponibilizadas a unidades de sa\u00fade.<\/p>\n\n\n<figure class=\"wp-block-image size-large\"><img loading=\"lazy\" decoding=\"async\" width=\"1024\" height=\"576\" src=\"http:\/\/blogdoedvaldomagalhaes.com.br\/wp-content\/uploads\/2020\/04\/IMG-20200408-WA0172.jpg\" alt=\"\" class=\"wp-image-53900\" srcset=\"https:\/\/blogdoedvaldomagalhaes.com.br\/wp-content\/uploads\/2020\/04\/IMG-20200408-WA0172.jpg 1024w, https:\/\/blogdoedvaldomagalhaes.com.br\/wp-content\/uploads\/2020\/04\/IMG-20200408-WA0172-300x169.jpg 300w, https:\/\/blogdoedvaldomagalhaes.com.br\/wp-content\/uploads\/2020\/04\/IMG-20200408-WA0172-768x432.jpg 768w, https:\/\/blogdoedvaldomagalhaes.com.br\/wp-content\/uploads\/2020\/04\/IMG-20200408-WA0172-720x405.jpg 720w\" sizes=\"auto, (max-width: 1024px) 100vw, 1024px\" \/><\/figure>\n","protected":false},"excerpt":{"rendered":"<p>As detentas da Col\u00f4nia Penal Feminina do Recife (CPFR), na Regi\u00e3o Metropolitana, iniciaram a produ\u00e7\u00e3o de m\u00e1scaras de prote\u00e7\u00e3o nesta&hellip;<\/p>\n","protected":false},"author":1,"featured_media":53899,"comment_status":"open","ping_status":"open","sticky":false,"template":"","format":"standard","meta":{"footnotes":""},"categories":[14120],"tags":[2,16881,17772],"class_list":["post-53898","post","type-post","status-publish","format-standard","has-post-thumbnail","hentry","category-noticias","tag-blog-do-edvaldo-magalhaes","tag-caruaru-e-regiao","tag-detentas-da-colonia-do-recife-produzem-mascaras-de-protecao"],"_links":{"self":[{"href":"https:\/\/blogdoedvaldomagalhaes.com.br\/index.php\/wp-json\/wp\/v2\/posts\/53898","targetHints":{"allow":["GET"]}}],"collection":[{"href":"https:\/\/blogdoedvaldomagalhaes.com.br\/index.php\/wp-json\/wp\/v2\/posts"}],"about":[{"href":"https:\/\/blogdoedvaldomagalhaes.com.br\/index.php\/wp-json\/wp\/v2\/types\/post"}],"author":[{"embeddable":true,"href":"https:\/\/blogdoedvaldomagalhaes.com.br\/index.php\/wp-json\/wp\/v2\/users\/1"}],"replies":[{"embeddable":true,"href":"https:\/\/blogdoedvaldomagalhaes.com.br\/index.php\/wp-json\/wp\/v2\/comments?post=53898"}],"version-history":[{"count":1,"href":"https:\/\/blogdoedvaldomagalhaes.com.br\/index.php\/wp-json\/wp\/v2\/posts\/53898\/revisions"}],"predecessor-version":[{"id":53901,"href":"https:\/\/blogdoedvaldomagalhaes.com.br\/index.php\/wp-json\/wp\/v2\/posts\/53898\/revisions\/53901"}],"wp:featuredmedia":[{"embeddable":true,"href":"https:\/\/blogdoedvaldomagalhaes.com.br\/index.php\/wp-json\/wp\/v2\/media\/53899"}],"wp:attachment":[{"href":"https:\/\/blogdoedvaldomagalhaes.com.br\/index.php\/wp-json\/wp\/v2\/media?parent=53898"}],"wp:term":[{"taxonomy":"category","embeddable":true,"href":"https:\/\/blogdoedvaldomagalhaes.com.br\/index.php\/wp-json\/wp\/v2\/categories?post=53898"},{"taxonomy":"post_tag","embeddable":true,"href":"https:\/\/blogdoedvaldomagalhaes.com.br\/index.php\/wp-json\/wp\/v2\/tags?post=53898"}],"curies":[{"name":"wp","href":"https:\/\/api.w.org\/{rel}","templated":true}]}}