{"id":53895,"date":"2020-04-08T21:06:51","date_gmt":"2020-04-09T00:06:51","guid":{"rendered":"http:\/\/blogdoedvaldomagalhaes.com.br\/?p=53895"},"modified":"2020-04-08T21:06:54","modified_gmt":"2020-04-09T00:06:54","slug":"adolescentes-da-funase-conversam-com-familiares-por-videochamadas-apos-suspensao-de-visitas","status":"publish","type":"post","link":"https:\/\/blogdoedvaldomagalhaes.com.br\/index.php\/2020\/04\/08\/adolescentes-da-funase-conversam-com-familiares-por-videochamadas-apos-suspensao-de-visitas\/","title":{"rendered":"Adolescentes da Funase conversam com familiares por videochamadas, ap\u00f3s suspens\u00e3o de visitas"},"content":{"rendered":"<p style=\"text-align: justify;\">Uso da ferramenta ocorre de forma supervisionada nas unidades socioeducativas do Estado, que tiveram acesso de visitantes proibido temporariamente como forma de preven\u00e7\u00e3o ao avan\u00e7o do novo coronav\u00edrus.<\/p>\n<p style=\"text-align: justify;\">Devido \u00e0 pandemia de Covid-19, adolescentes e jovens privados de liberdade em Pernambuco est\u00e3o recorrendo a videochamadas para diminuir a saudade dos familiares. O uso da ferramenta ocorre em salas espec\u00edficas para essa finalidade nas instala\u00e7\u00f5es da Funda\u00e7\u00e3o de Atendimento Socioeducativo (Funase), com acompanhamento da dire\u00e7\u00e3o. Liga\u00e7\u00f5es telef\u00f4nicas supervisionadas tamb\u00e9m foram intensificadas. As medidas est\u00e3o autorizadas h\u00e1 duas semanas, quando passaram a vigorar restri\u00e7\u00f5es \u00e0 entrada de pessoas nas unidades socioeducativas do Estado. No \u00faltimo dia 3, a Funase deu mais um passo nas a\u00e7\u00f5es de conten\u00e7\u00e3o ao novo coronav\u00edrus, suspendendo temporariamente o acesso de visitantes enquanto durar o per\u00edodo de emerg\u00eancia em sa\u00fade p\u00fablica.<\/p>\n<p style=\"text-align: justify;\">No Centro de Atendimento Socioeducativo (Case) Caruaru, as primeiras experi\u00eancias com videochamadas t\u00eam sido positivas. Nesta ter\u00e7a-feira (7), por exemplo, oito adolescentes est\u00e3o tendo a oportunidade de conversar com familiares a dist\u00e2ncia durante um curso de inform\u00e1tica ministrado na unidade. \u201cNa atividade de hoje, est\u00e1 ocorrendo esse contato de forma aliada ao conte\u00fado profissionalizante. E nos \u00faltimos dias, nas chamadas j\u00e1 realizadas, o resultado tamb\u00e9m foi muito bom. Tivemos o caso de um jovem que preferia que a filha pequena n\u00e3o fosse trazida \u00e0 unidade no per\u00edodo de visitas e que p\u00f4de v\u00ea-la em videochamada, ap\u00f3s algum tempo. Ele falou de como ela est\u00e1 crescendo. Foi emocionante\u201d, conta o coordenador geral do Case Caruaru, Ramonn Melo.<\/p>\n<p style=\"text-align: justify;\">Segundo a superintendente da Pol\u00edtica de Atendimento da Funase, \u00cdris Borges, a possibilidade de uso de meios de comunica\u00e7\u00e3o distintos do telefone fixo, que sempre foi utilizado, est\u00e1 prevista em portaria conjunta da Secretaria de Desenvolvimento Social, Crian\u00e7a e Juventude (SDSCJ) e da Funase. Ela tamb\u00e9m explica que, antes da suspens\u00e3o tempor\u00e1ria da entrada de visitantes na institui\u00e7\u00e3o, os socioeducandos passaram por momentos educativos sobre a import\u00e2ncia da medida para eles e para os pr\u00f3prios familiares, bem como sobre a ado\u00e7\u00e3o de h\u00e1bitos de preven\u00e7\u00e3o ao novo coronav\u00edrus em alojamentos e \u00e1reas de conviv\u00eancia.<\/p>\n<p style=\"text-align: justify;\">\u201cNeste momento de pandemia, mesmo quem n\u00e3o est\u00e1 privado de liberdade tem sentido a falta de pessoas queridas, o que n\u00e3o \u00e9 diferente para os adolescentes e jovens que est\u00e3o em interna\u00e7\u00e3o ou interna\u00e7\u00e3o provis\u00f3ria. Para suprir aus\u00eancias, estamos buscando formas de assegurar que o contato familiar aconte\u00e7a de modo mais intenso e diferenciado, por meio da possibilidade de uso de ferramentas digitais de forma supervisionada, sem desrespeito \u00e0s normas de seguran\u00e7a do sistema socioeducativo\u201d, explica.<\/p>\n<p style=\"text-align: justify;\">*EQUIPAMENTOS* \u2013 A distribui\u00e7\u00e3o de equipamentos de prote\u00e7\u00e3o individual continua na Funase. Depois do Centro de Interna\u00e7\u00e3o Provis\u00f3ria (Cenip) Caruaru, que chegou a fabricar cerca de 400 m\u00e1scaras para uso em 15 unidades socioeducativas, outros espa\u00e7os da institui\u00e7\u00e3o se somaram ao esfor\u00e7o de produ\u00e7\u00e3o. A Casa de Semiliberdade (Casem) Areias e o Case Santa Luzia, por exemplo, devem viabilizar a confec\u00e7\u00e3o de mais de 3,4 mil unidades para atender servidores e socioeducandos com sintomas gripais.<\/p>\n","protected":false},"excerpt":{"rendered":"<p>Uso da ferramenta ocorre de forma supervisionada nas unidades socioeducativas do Estado, que tiveram acesso de visitantes proibido temporariamente como&hellip;<\/p>\n","protected":false},"author":1,"featured_media":53896,"comment_status":"open","ping_status":"open","sticky":false,"template":"","format":"standard","meta":{"footnotes":""},"categories":[14120],"tags":[17770,17771,2,16881],"class_list":["post-53895","post","type-post","status-publish","format-standard","has-post-thumbnail","hentry","category-noticias","tag-adolescentes-da-funase-conversam-com-familiares-por-videochamadas","tag-apos-suspensao-de-visitas","tag-blog-do-edvaldo-magalhaes","tag-caruaru-e-regiao"],"_links":{"self":[{"href":"https:\/\/blogdoedvaldomagalhaes.com.br\/index.php\/wp-json\/wp\/v2\/posts\/53895","targetHints":{"allow":["GET"]}}],"collection":[{"href":"https:\/\/blogdoedvaldomagalhaes.com.br\/index.php\/wp-json\/wp\/v2\/posts"}],"about":[{"href":"https:\/\/blogdoedvaldomagalhaes.com.br\/index.php\/wp-json\/wp\/v2\/types\/post"}],"author":[{"embeddable":true,"href":"https:\/\/blogdoedvaldomagalhaes.com.br\/index.php\/wp-json\/wp\/v2\/users\/1"}],"replies":[{"embeddable":true,"href":"https:\/\/blogdoedvaldomagalhaes.com.br\/index.php\/wp-json\/wp\/v2\/comments?post=53895"}],"version-history":[{"count":1,"href":"https:\/\/blogdoedvaldomagalhaes.com.br\/index.php\/wp-json\/wp\/v2\/posts\/53895\/revisions"}],"predecessor-version":[{"id":53897,"href":"https:\/\/blogdoedvaldomagalhaes.com.br\/index.php\/wp-json\/wp\/v2\/posts\/53895\/revisions\/53897"}],"wp:featuredmedia":[{"embeddable":true,"href":"https:\/\/blogdoedvaldomagalhaes.com.br\/index.php\/wp-json\/wp\/v2\/media\/53896"}],"wp:attachment":[{"href":"https:\/\/blogdoedvaldomagalhaes.com.br\/index.php\/wp-json\/wp\/v2\/media?parent=53895"}],"wp:term":[{"taxonomy":"category","embeddable":true,"href":"https:\/\/blogdoedvaldomagalhaes.com.br\/index.php\/wp-json\/wp\/v2\/categories?post=53895"},{"taxonomy":"post_tag","embeddable":true,"href":"https:\/\/blogdoedvaldomagalhaes.com.br\/index.php\/wp-json\/wp\/v2\/tags?post=53895"}],"curies":[{"name":"wp","href":"https:\/\/api.w.org\/{rel}","templated":true}]}}