{"id":53877,"date":"2020-04-08T14:32:06","date_gmt":"2020-04-08T17:32:06","guid":{"rendered":"http:\/\/blogdoedvaldomagalhaes.com.br\/?p=53877"},"modified":"2020-04-08T19:21:49","modified_gmt":"2020-04-08T22:21:49","slug":"secretaria-de-saude-divulga-mais-49-casos-da-covid-19-e-mais-12-obitos-em-pernambuco","status":"publish","type":"post","link":"https:\/\/blogdoedvaldomagalhaes.com.br\/index.php\/2020\/04\/08\/secretaria-de-saude-divulga-mais-49-casos-da-covid-19-e-mais-12-obitos-em-pernambuco\/","title":{"rendered":"Secretaria de Sa\u00fade divulga mais 49 casos da Covid-19 e mais 12 \u00f3bitos em Pernambuco"},"content":{"rendered":"<p style=\"text-align: justify;\">A Secretaria Estadual de Sa\u00fade de Pernambuco (SES-PE) anunciou, nesta quarta-feira (08\/04), mais 49 novos casos da Covid-19, elevando para 401 o n\u00famero de confirma\u00e7\u00f5es no Estado. Dos 401 confirmados, 189 est\u00e3o em isolamento domiciliar e 134 internados (24 em UTI\/UCI). Outros 32 j\u00e1 est\u00e3o recuperados.<br \/>\u2800 \u2800 \u2800<br \/>Mais 12 \u00f3bitos pelo Novo Coronav\u00edrus tamb\u00e9m foram confirmados, totalizando 46 at\u00e9 agora. Entre os 12 novos \u00f3bitos, 5 eram homens com idades entre 58 e 87 anos, e 7 mulheres entre 38 e 92 anos. Os pacientes faleceram entre 1\u00ba de abril e a \u00faltima ter\u00e7a-feira (07\/04).<br \/>\u2800 \u2800 \u2800<br \/>Os casos confirmados s\u00e3o de Recife (254), Jaboat\u00e3o dos Guararapes (26), Olinda (21), S\u00e3o Louren\u00e7o da Mata (15), Fernando de Noronha (14), Camaragibe (13), Paulista (9), Cabo de Santo Agostinho (8), Paudalho (4), Vit\u00f3ria de Santo Ant\u00e3o (3), Petrolina (3), Caruaru (3), Salgueiro (3), Moreno (2), Palmares (2), Goiana (2), Arcoverde (1), Passira (1), Igarassu (1), Bom Jardim (1), Lagoa do Carro (1), Catende (1), Belo Jardim (1), Cachoeirinha (1), Ipubi (1), Alian\u00e7a (1), Macaparana (1), Timba\u00faba (1), al\u00e9m de casos de outros Estados (4) e outros pa\u00edses (3).<\/p>\n\n\n<figure class=\"wp-block-image size-large\"><img loading=\"lazy\" decoding=\"async\" width=\"1024\" height=\"819\" src=\"http:\/\/blogdoedvaldomagalhaes.com.br\/wp-content\/uploads\/2020\/04\/FB_IMG_1586384715320-1024x819.jpg\" alt=\"\" class=\"wp-image-53890\" srcset=\"https:\/\/blogdoedvaldomagalhaes.com.br\/wp-content\/uploads\/2020\/04\/FB_IMG_1586384715320-1024x819.jpg 1024w, https:\/\/blogdoedvaldomagalhaes.com.br\/wp-content\/uploads\/2020\/04\/FB_IMG_1586384715320-300x240.jpg 300w, https:\/\/blogdoedvaldomagalhaes.com.br\/wp-content\/uploads\/2020\/04\/FB_IMG_1586384715320-768x614.jpg 768w, https:\/\/blogdoedvaldomagalhaes.com.br\/wp-content\/uploads\/2020\/04\/FB_IMG_1586384715320.jpg 1080w\" sizes=\"auto, (max-width: 1024px) 100vw, 1024px\" \/><\/figure>\n","protected":false},"excerpt":{"rendered":"<p>A Secretaria Estadual de Sa\u00fade de Pernambuco (SES-PE) anunciou, nesta quarta-feira (08\/04), mais 49 novos casos da Covid-19, elevando para&hellip;<\/p>\n","protected":false},"author":1,"featured_media":53878,"comment_status":"open","ping_status":"open","sticky":false,"template":"","format":"standard","meta":{"footnotes":""},"categories":[14120],"tags":[2,16881,17767],"class_list":["post-53877","post","type-post","status-publish","format-standard","has-post-thumbnail","hentry","category-noticias","tag-blog-do-edvaldo-magalhaes","tag-caruaru-e-regiao","tag-secretaria-de-saude-divulga-mais-49-casos-da-covid-19-e-mais-12-obitos-em-pernambuco"],"_links":{"self":[{"href":"https:\/\/blogdoedvaldomagalhaes.com.br\/index.php\/wp-json\/wp\/v2\/posts\/53877","targetHints":{"allow":["GET"]}}],"collection":[{"href":"https:\/\/blogdoedvaldomagalhaes.com.br\/index.php\/wp-json\/wp\/v2\/posts"}],"about":[{"href":"https:\/\/blogdoedvaldomagalhaes.com.br\/index.php\/wp-json\/wp\/v2\/types\/post"}],"author":[{"embeddable":true,"href":"https:\/\/blogdoedvaldomagalhaes.com.br\/index.php\/wp-json\/wp\/v2\/users\/1"}],"replies":[{"embeddable":true,"href":"https:\/\/blogdoedvaldomagalhaes.com.br\/index.php\/wp-json\/wp\/v2\/comments?post=53877"}],"version-history":[{"count":3,"href":"https:\/\/blogdoedvaldomagalhaes.com.br\/index.php\/wp-json\/wp\/v2\/posts\/53877\/revisions"}],"predecessor-version":[{"id":53891,"href":"https:\/\/blogdoedvaldomagalhaes.com.br\/index.php\/wp-json\/wp\/v2\/posts\/53877\/revisions\/53891"}],"wp:featuredmedia":[{"embeddable":true,"href":"https:\/\/blogdoedvaldomagalhaes.com.br\/index.php\/wp-json\/wp\/v2\/media\/53878"}],"wp:attachment":[{"href":"https:\/\/blogdoedvaldomagalhaes.com.br\/index.php\/wp-json\/wp\/v2\/media?parent=53877"}],"wp:term":[{"taxonomy":"category","embeddable":true,"href":"https:\/\/blogdoedvaldomagalhaes.com.br\/index.php\/wp-json\/wp\/v2\/categories?post=53877"},{"taxonomy":"post_tag","embeddable":true,"href":"https:\/\/blogdoedvaldomagalhaes.com.br\/index.php\/wp-json\/wp\/v2\/tags?post=53877"}],"curies":[{"name":"wp","href":"https:\/\/api.w.org\/{rel}","templated":true}]}}