{"id":53871,"date":"2020-04-08T14:07:01","date_gmt":"2020-04-08T17:07:01","guid":{"rendered":"http:\/\/blogdoedvaldomagalhaes.com.br\/?p=53871"},"modified":"2020-04-08T20:12:08","modified_gmt":"2020-04-08T23:12:08","slug":"tres-homicidios-na-manha-desta-quarta-feira-no-interior-de-pernambuco","status":"publish","type":"post","link":"https:\/\/blogdoedvaldomagalhaes.com.br\/index.php\/2020\/04\/08\/tres-homicidios-na-manha-desta-quarta-feira-no-interior-de-pernambuco\/","title":{"rendered":"Tr\u00eas homic\u00eddios na manh\u00e3 desta quarta-feira no interior de Pernambuco"},"content":{"rendered":"<p style=\"text-align: justify;\">A manh\u00e3 desta quarta-feira (08) foi marcada pela viol\u00eancia no interior de Pernambuco, com o registro tr\u00eas homic\u00eddios. No Agreste, um assassinato aconteceu em Vertentes e outro em S\u00e3o Caitano. J\u00e1 no Sert\u00e3o, a v\u00edtima da viol\u00eancia foi uma mulher. Ela foi assassinada a tiros em Cust\u00f3dia.<\/p>\n<p style=\"text-align: justify;\"><span style=\"font-size: inherit;\">Na manh\u00e3 desta quarta-feira (08), o jovem, Luiz Fernando de Oliveira Moura, de 23 anos, que morava na cidade de Bom Jardim, foi assassinado a tiros no bairro Nova Morada em Vertentes. Ele foi encontrado pr\u00f3ximo a uma caixa d\u00e1gua. O<\/span><span style=\"font-size: inherit;\">\u00a0crime at\u00e9 o momento \u00e9 de autoria desconhecida e o corpo da v\u00edtima foi encaminhado para o IML de Caruaru.<\/span><\/p>\n<p style=\"text-align: justify;\">Em S\u00e3o Caitano, a v\u00edtima foi <b>Lenivaldo Manoel de Melo, 37 anos de idade,<\/b> estava transitando nas proximidades do Alto do Xer\u00e9m, quando foi surpreendida pelos algozes, onde j\u00e1 chegaram efetuando os disparos de arma de fogo. A Pol\u00edcia Militar de Pernambuco, esteve no local realizando o isolamento de onde ocorreu o crime. O corpo foi encaminhado para o IML de Caruaru, ap\u00f3s os procedimentos cadav\u00e9ricos.<\/p>\n","protected":false},"excerpt":{"rendered":"<p>A manh\u00e3 desta quarta-feira (08) foi marcada pela viol\u00eancia no interior de Pernambuco, com o registro tr\u00eas homic\u00eddios. No Agreste,&hellip;<\/p>\n","protected":false},"author":1,"featured_media":53872,"comment_status":"open","ping_status":"open","sticky":false,"template":"","format":"standard","meta":{"footnotes":""},"categories":[14121],"tags":[],"class_list":["post-53871","post","type-post","status-publish","format-standard","has-post-thumbnail","hentry","category-policial"],"_links":{"self":[{"href":"https:\/\/blogdoedvaldomagalhaes.com.br\/index.php\/wp-json\/wp\/v2\/posts\/53871","targetHints":{"allow":["GET"]}}],"collection":[{"href":"https:\/\/blogdoedvaldomagalhaes.com.br\/index.php\/wp-json\/wp\/v2\/posts"}],"about":[{"href":"https:\/\/blogdoedvaldomagalhaes.com.br\/index.php\/wp-json\/wp\/v2\/types\/post"}],"author":[{"embeddable":true,"href":"https:\/\/blogdoedvaldomagalhaes.com.br\/index.php\/wp-json\/wp\/v2\/users\/1"}],"replies":[{"embeddable":true,"href":"https:\/\/blogdoedvaldomagalhaes.com.br\/index.php\/wp-json\/wp\/v2\/comments?post=53871"}],"version-history":[{"count":5,"href":"https:\/\/blogdoedvaldomagalhaes.com.br\/index.php\/wp-json\/wp\/v2\/posts\/53871\/revisions"}],"predecessor-version":[{"id":53894,"href":"https:\/\/blogdoedvaldomagalhaes.com.br\/index.php\/wp-json\/wp\/v2\/posts\/53871\/revisions\/53894"}],"wp:featuredmedia":[{"embeddable":true,"href":"https:\/\/blogdoedvaldomagalhaes.com.br\/index.php\/wp-json\/wp\/v2\/media\/53872"}],"wp:attachment":[{"href":"https:\/\/blogdoedvaldomagalhaes.com.br\/index.php\/wp-json\/wp\/v2\/media?parent=53871"}],"wp:term":[{"taxonomy":"category","embeddable":true,"href":"https:\/\/blogdoedvaldomagalhaes.com.br\/index.php\/wp-json\/wp\/v2\/categories?post=53871"},{"taxonomy":"post_tag","embeddable":true,"href":"https:\/\/blogdoedvaldomagalhaes.com.br\/index.php\/wp-json\/wp\/v2\/tags?post=53871"}],"curies":[{"name":"wp","href":"https:\/\/api.w.org\/{rel}","templated":true}]}}