{"id":53868,"date":"2020-04-08T13:15:10","date_gmt":"2020-04-08T16:15:10","guid":{"rendered":"http:\/\/blogdoedvaldomagalhaes.com.br\/?p=53868"},"modified":"2020-04-08T13:15:13","modified_gmt":"2020-04-08T16:15:13","slug":"prefeitura-de-panelas-suspende-o-festival-nacional-de-jericos-2020-devido-ao-coronavirus","status":"publish","type":"post","link":"https:\/\/blogdoedvaldomagalhaes.com.br\/index.php\/2020\/04\/08\/prefeitura-de-panelas-suspende-o-festival-nacional-de-jericos-2020-devido-ao-coronavirus\/","title":{"rendered":"Prefeitura de Panelas suspende o Festival Nacional de Jericos 2020 devido ao coronav\u00edrus"},"content":{"rendered":"<p style=\"text-align: justify;\"><span style=\"font-size: inherit;\">Seguindo as recomenda\u00e7\u00f5es da OMS, Minist\u00e9rio da Sa\u00fade e os decretos estadual e municipal, que restringem aglomera\u00e7\u00f5es neste momento de enfrentamento ao coronav\u00edrus, a Prefeitura de Panelas, no agreste, anunciou na manh\u00e3 desta ter\u00e7a-feira (07.04.2020) a suspens\u00e3o do Festival Nacional de Jericos.<\/span><\/p>\n<p style=\"text-align: justify;\">O evento que iria para a 47\u00aa edi\u00e7\u00e3o teria como ponto alto o dia 1\u00ba de maio \u2013 dia do trabalhador e geraria grande movimenta\u00e7\u00e3o na cidade. A Festa de Jegue de Panelas, como tamb\u00e9m \u00e9 conhecido o evento, reune todos os anos mais de 130 mil turistas na cidade.<\/p>\n<p style=\"text-align: justify;\">Para a prefeita do munic\u00edpio Joelma Campos (MDB), o momento \u00e9 de priorizar as a\u00e7\u00f5es de enfrentamento a COVID-19. \u201cNossas equipes est\u00e3o focadas no combate a esta pandemia que vem assustando o mundo\u201d, ressaltou a gestora. Panelas n\u00e3o tem nenhum caso confirmado da COVID-19 at\u00e9 o momento.<\/p>\n","protected":false},"excerpt":{"rendered":"<p>Seguindo as recomenda\u00e7\u00f5es da OMS, Minist\u00e9rio da Sa\u00fade e os decretos estadual e municipal, que restringem aglomera\u00e7\u00f5es neste momento de&hellip;<\/p>\n","protected":false},"author":1,"featured_media":53869,"comment_status":"open","ping_status":"open","sticky":false,"template":"","format":"standard","meta":{"footnotes":""},"categories":[14120],"tags":[2,16881,17765],"class_list":["post-53868","post","type-post","status-publish","format-standard","has-post-thumbnail","hentry","category-noticias","tag-blog-do-edvaldo-magalhaes","tag-caruaru-e-regiao","tag-prefeitura-de-panelas-suspende-o-festival-nacional-de-jericos-2020-devido-ao-coronavirus"],"_links":{"self":[{"href":"https:\/\/blogdoedvaldomagalhaes.com.br\/index.php\/wp-json\/wp\/v2\/posts\/53868","targetHints":{"allow":["GET"]}}],"collection":[{"href":"https:\/\/blogdoedvaldomagalhaes.com.br\/index.php\/wp-json\/wp\/v2\/posts"}],"about":[{"href":"https:\/\/blogdoedvaldomagalhaes.com.br\/index.php\/wp-json\/wp\/v2\/types\/post"}],"author":[{"embeddable":true,"href":"https:\/\/blogdoedvaldomagalhaes.com.br\/index.php\/wp-json\/wp\/v2\/users\/1"}],"replies":[{"embeddable":true,"href":"https:\/\/blogdoedvaldomagalhaes.com.br\/index.php\/wp-json\/wp\/v2\/comments?post=53868"}],"version-history":[{"count":1,"href":"https:\/\/blogdoedvaldomagalhaes.com.br\/index.php\/wp-json\/wp\/v2\/posts\/53868\/revisions"}],"predecessor-version":[{"id":53870,"href":"https:\/\/blogdoedvaldomagalhaes.com.br\/index.php\/wp-json\/wp\/v2\/posts\/53868\/revisions\/53870"}],"wp:featuredmedia":[{"embeddable":true,"href":"https:\/\/blogdoedvaldomagalhaes.com.br\/index.php\/wp-json\/wp\/v2\/media\/53869"}],"wp:attachment":[{"href":"https:\/\/blogdoedvaldomagalhaes.com.br\/index.php\/wp-json\/wp\/v2\/media?parent=53868"}],"wp:term":[{"taxonomy":"category","embeddable":true,"href":"https:\/\/blogdoedvaldomagalhaes.com.br\/index.php\/wp-json\/wp\/v2\/categories?post=53868"},{"taxonomy":"post_tag","embeddable":true,"href":"https:\/\/blogdoedvaldomagalhaes.com.br\/index.php\/wp-json\/wp\/v2\/tags?post=53868"}],"curies":[{"name":"wp","href":"https:\/\/api.w.org\/{rel}","templated":true}]}}