{"id":53859,"date":"2020-04-07T21:28:41","date_gmt":"2020-04-08T00:28:41","guid":{"rendered":"http:\/\/blogdoedvaldomagalhaes.com.br\/?p=53859"},"modified":"2020-04-07T22:12:23","modified_gmt":"2020-04-08T01:12:23","slug":"pl-apoiara-a-reeleicao-de-raquel-lyra-em-caruaru","status":"publish","type":"post","link":"https:\/\/blogdoedvaldomagalhaes.com.br\/index.php\/2020\/04\/07\/pl-apoiara-a-reeleicao-de-raquel-lyra-em-caruaru\/","title":{"rendered":"PL apoiar\u00e1 a reelei\u00e7\u00e3o de Raquel Lyra em Caruaru"},"content":{"rendered":"<p style=\"text-align: justify;\">O presidente estadual do Partido Liberal (PL), Anderson Ferreira, anunciou o apoio \u00e0 reelei\u00e7\u00e3o da prefeita de Caruaru, Raquel Lyra (PSDB), nas elei\u00e7\u00f5es municipais deste ano. A decis\u00e3o foi tomada em conjunto com o deputado federal Fernando Rodolfo, que \u00e9 vice-presidente do partido e tem base eleitoral na Capital do Agreste. A alian\u00e7a entre PL e PSDB refor\u00e7a o bloco de oposi\u00e7\u00e3o no Estado.<\/p>\n<p style=\"text-align: justify;\">\u201cNosso partido reconhece o \u00f3timo trabalho que Raquel vem realizando em Caruaru, e seu partido, o PSDB, j\u00e1 \u00e9 um grande parceiro nosso. Com essa alian\u00e7a, o PL vai contribuir para os avan\u00e7os das pol\u00edticas p\u00fablicas, montando um programa de governo com propostas nas \u00e1reas social, da educa\u00e7\u00e3o e sa\u00fade, sobretudo para atender \u00e0 popula\u00e7\u00e3o mais vulner\u00e1vel\u201d, ressaltou Anderson Ferreira.<\/p>\n<p style=\"text-align: justify;\">Para o deputado Fernando Rodolfo, a vit\u00f3ria de Raquel Lyra nas pr\u00f3ximas elei\u00e7\u00f5es ter\u00e1 um grande significado. \u201cTodas as nossas lideran\u00e7as est\u00e3o envolvidas no projeto da reelei\u00e7\u00e3o da prefeita. Al\u00e9m de Caruaru seguir bem administrada nos pr\u00f3ximos quatro anos, o bloco de oposi\u00e7\u00e3o se manter\u00e1 \u00e0 frente de um dos principais munic\u00edpios de Pernambuco\u201d, destacou o parlamentar.<\/p>\n","protected":false},"excerpt":{"rendered":"<p>O presidente estadual do Partido Liberal (PL), Anderson Ferreira, anunciou o apoio \u00e0 reelei\u00e7\u00e3o da prefeita de Caruaru, Raquel Lyra&hellip;<\/p>\n","protected":false},"author":1,"featured_media":53861,"comment_status":"open","ping_status":"open","sticky":false,"template":"","format":"standard","meta":{"footnotes":""},"categories":[14122],"tags":[2,16881,17763],"class_list":["post-53859","post","type-post","status-publish","format-standard","has-post-thumbnail","hentry","category-politica","tag-blog-do-edvaldo-magalhaes","tag-caruaru-e-regiao","tag-pl-apoiara-a-reeleicao-de-raquel-lyra-em-caruaru"],"_links":{"self":[{"href":"https:\/\/blogdoedvaldomagalhaes.com.br\/index.php\/wp-json\/wp\/v2\/posts\/53859","targetHints":{"allow":["GET"]}}],"collection":[{"href":"https:\/\/blogdoedvaldomagalhaes.com.br\/index.php\/wp-json\/wp\/v2\/posts"}],"about":[{"href":"https:\/\/blogdoedvaldomagalhaes.com.br\/index.php\/wp-json\/wp\/v2\/types\/post"}],"author":[{"embeddable":true,"href":"https:\/\/blogdoedvaldomagalhaes.com.br\/index.php\/wp-json\/wp\/v2\/users\/1"}],"replies":[{"embeddable":true,"href":"https:\/\/blogdoedvaldomagalhaes.com.br\/index.php\/wp-json\/wp\/v2\/comments?post=53859"}],"version-history":[{"count":2,"href":"https:\/\/blogdoedvaldomagalhaes.com.br\/index.php\/wp-json\/wp\/v2\/posts\/53859\/revisions"}],"predecessor-version":[{"id":53862,"href":"https:\/\/blogdoedvaldomagalhaes.com.br\/index.php\/wp-json\/wp\/v2\/posts\/53859\/revisions\/53862"}],"wp:featuredmedia":[{"embeddable":true,"href":"https:\/\/blogdoedvaldomagalhaes.com.br\/index.php\/wp-json\/wp\/v2\/media\/53861"}],"wp:attachment":[{"href":"https:\/\/blogdoedvaldomagalhaes.com.br\/index.php\/wp-json\/wp\/v2\/media?parent=53859"}],"wp:term":[{"taxonomy":"category","embeddable":true,"href":"https:\/\/blogdoedvaldomagalhaes.com.br\/index.php\/wp-json\/wp\/v2\/categories?post=53859"},{"taxonomy":"post_tag","embeddable":true,"href":"https:\/\/blogdoedvaldomagalhaes.com.br\/index.php\/wp-json\/wp\/v2\/tags?post=53859"}],"curies":[{"name":"wp","href":"https:\/\/api.w.org\/{rel}","templated":true}]}}