{"id":53850,"date":"2020-04-07T17:59:51","date_gmt":"2020-04-07T20:59:51","guid":{"rendered":"http:\/\/blogdoedvaldomagalhaes.com.br\/?p=53850"},"modified":"2020-04-07T18:12:15","modified_gmt":"2020-04-07T21:12:15","slug":"brasil-tem-o-maior-aumento-diario-de-coronavirus-e-pernambuco-e-o-3-em-numero-de-mortes-no-pais","status":"publish","type":"post","link":"https:\/\/blogdoedvaldomagalhaes.com.br\/index.php\/2020\/04\/07\/brasil-tem-o-maior-aumento-diario-de-coronavirus-e-pernambuco-e-o-3-em-numero-de-mortes-no-pais\/","title":{"rendered":"Brasil tem o maior aumento di\u00e1rio de coronav\u00edrus e Pernambuco \u00e9 o 3\u00b0 em n\u00famero de mortes no pa\u00eds"},"content":{"rendered":"<p style=\"text-align: justify;\">Nesta ter\u00e7a-feira (07), o Minist\u00e9rio da Sa\u00fade divulgou que aumentou o n\u00famero de v\u00edtimas fatais da Covid-19 em 114, aumentando assim os \u00f3bitos no Brasil para 667. Esta \u00e9 a primeira vez que o pa\u00eds registra mais de 100 mortes em um \u00fanico dia.<\/p>\n<p>Os casos confirmados teve um aumento de 1.661 infectados totalizando 13.717 pessoas com a Covid-19. A taxa de letalidade no Brasil passou de 4,7% para 4,9%.<\/p>\n<p>S\u00e3o Paulo tem o epicentro da pandemia, com mais da metade das mortes de todo o pa\u00eds, com 371 \u00f3bitos, depois vem o Rio de Janeiro, com 89, o terceiro estado no pa\u00eds com mais mortes \u00e9 Pernambuco com 34; Cear\u00e1 \u00e9 o 4\u00b0 com 31 e Amazonas o 5\u00b0 com 23 mortes.<\/p>\n<p style=\"text-align: justify;\">Foram registradas mortes no Paran\u00e1 (15), Distrito Federal (12), Bahia (12), Santa Catarina (11), Minas Gerais (11), Rio Grande do Norte (8), Rio Grande do Sul (8), Esp\u00edrito Santo (6), Goi\u00e1s (5), Par\u00e1 (5), Para\u00edba (4), Sergipe (4), Piau\u00ed (4), Maranh\u00e3o (4), Alagoas (2), Mato Grosso do Sul (2), Amap\u00e1 (2), Rond\u00f4nia (1), Roraima (1), Acre (1) e Mato Grosso (1).<\/p>\n","protected":false},"excerpt":{"rendered":"<p>Nesta ter\u00e7a-feira (07), o Minist\u00e9rio da Sa\u00fade divulgou que aumentou o n\u00famero de v\u00edtimas fatais da Covid-19 em 114, aumentando&hellip;<\/p>\n","protected":false},"author":1,"featured_media":53851,"comment_status":"open","ping_status":"open","sticky":false,"template":"","format":"standard","meta":{"footnotes":""},"categories":[14120],"tags":[2,17761,16881],"class_list":["post-53850","post","type-post","status-publish","format-standard","has-post-thumbnail","hentry","category-noticias","tag-blog-do-edvaldo-magalhaes","tag-brasil-tem-o-maior-aumento-diario-de-coronavirus-e-pernambuco-e-o-3-em-numero-de-mortes-no-pais","tag-caruaru-e-regiao"],"_links":{"self":[{"href":"https:\/\/blogdoedvaldomagalhaes.com.br\/index.php\/wp-json\/wp\/v2\/posts\/53850","targetHints":{"allow":["GET"]}}],"collection":[{"href":"https:\/\/blogdoedvaldomagalhaes.com.br\/index.php\/wp-json\/wp\/v2\/posts"}],"about":[{"href":"https:\/\/blogdoedvaldomagalhaes.com.br\/index.php\/wp-json\/wp\/v2\/types\/post"}],"author":[{"embeddable":true,"href":"https:\/\/blogdoedvaldomagalhaes.com.br\/index.php\/wp-json\/wp\/v2\/users\/1"}],"replies":[{"embeddable":true,"href":"https:\/\/blogdoedvaldomagalhaes.com.br\/index.php\/wp-json\/wp\/v2\/comments?post=53850"}],"version-history":[{"count":2,"href":"https:\/\/blogdoedvaldomagalhaes.com.br\/index.php\/wp-json\/wp\/v2\/posts\/53850\/revisions"}],"predecessor-version":[{"id":53854,"href":"https:\/\/blogdoedvaldomagalhaes.com.br\/index.php\/wp-json\/wp\/v2\/posts\/53850\/revisions\/53854"}],"wp:featuredmedia":[{"embeddable":true,"href":"https:\/\/blogdoedvaldomagalhaes.com.br\/index.php\/wp-json\/wp\/v2\/media\/53851"}],"wp:attachment":[{"href":"https:\/\/blogdoedvaldomagalhaes.com.br\/index.php\/wp-json\/wp\/v2\/media?parent=53850"}],"wp:term":[{"taxonomy":"category","embeddable":true,"href":"https:\/\/blogdoedvaldomagalhaes.com.br\/index.php\/wp-json\/wp\/v2\/categories?post=53850"},{"taxonomy":"post_tag","embeddable":true,"href":"https:\/\/blogdoedvaldomagalhaes.com.br\/index.php\/wp-json\/wp\/v2\/tags?post=53850"}],"curies":[{"name":"wp","href":"https:\/\/api.w.org\/{rel}","templated":true}]}}