{"id":53847,"date":"2020-04-07T16:36:55","date_gmt":"2020-04-07T19:36:55","guid":{"rendered":"http:\/\/blogdoedvaldomagalhaes.com.br\/?p=53847"},"modified":"2020-04-07T16:37:02","modified_gmt":"2020-04-07T19:37:02","slug":"pernambuco-tem-mais-129-casos-do-coronavirus-recorde-de-resultados-em-um-unico-dia","status":"publish","type":"post","link":"https:\/\/blogdoedvaldomagalhaes.com.br\/index.php\/2020\/04\/07\/pernambuco-tem-mais-129-casos-do-coronavirus-recorde-de-resultados-em-um-unico-dia\/","title":{"rendered":"Pernambuco tem mais 129 casos do coronav\u00edrus, recorde de resultados em um \u00fanico dia"},"content":{"rendered":"<p style=\"text-align: justify;\"><span style=\"font-size: inherit; text-align: justify;\">Nas 24 horas da segunda-feira (06.04), Pernambuco confirmou mais 129 casos da Covid-19, recorde de resultados liberados em um \u00fanico dia, totalizando 352 pessoas positivas at\u00e9 o momento. *O boletim desta ter\u00e7a-feira (07.04), com os dados detalhados, sair\u00e1 ainda nesta tarde.* O aumento nas confirma\u00e7\u00f5es demonstra a amplia\u00e7\u00e3o da testagem do novo coronav\u00edrus em Pernambuco. Al\u00e9m do Laborat\u00f3rio Central de Sa\u00fade P\u00fablica de Pernambuco (Lacen-PE), que teve 69 testes positivos, os laborat\u00f3rios privados voltaram a ter capacidade de testagem, conseguindo liberar 60 resultados positivos que est\u00e3o inclusos neste boletim.<\/span><\/p>\n<p style=\"text-align: justify;\">As unidades privadas comunicam o Estado sobre a confirma\u00e7\u00e3o dos exames realizados em at\u00e9 24 horas. No entanto, muitos dos laborat\u00f3rios privados n\u00e3o processam exames nos finais de semana, ou seja, muitos desses casos foram acumulados ao longo do final de semana.<\/p>\n<p style=\"text-align: justify;\">Neste boletim, ainda foram confirmados 4 \u00f3bitos, 1 ocorrido no dia 03.04 e 3 em 04.04. Com isso, sobe para 34 o n\u00famero de mortes pelo novo coronav\u00edrus. Os \u00faltimos pacientes confirmados, que t\u00eam idades entre 51 e 85 anos, s\u00e3o:<\/p>\n<p style=\"text-align: justify;\">1 &#8211; Sexo masculino, 85, do Recife. Faleceu em 03.04. Era tabagista, cardiopata e teve AVC anteriormente.<\/p>\n<p>2 &#8211; Sexo feminino, 68, de Catende. \u00d3bito em: 04.04. Era cardiopara e tinha hipertens\u00e3o e diabetes.<\/p>\n<p style=\"text-align: justify;\">3 &#8211; Homem, de 73 anos, de Macaparana. \u00d3bito em 04.04. Era tabagista, hipertenso e diab\u00e9tico.<\/p>\n<p style=\"text-align: justify;\">4 &#8211; Homem, 51 anos, do Recife. \u00d3bito em 04.04. Tinha doen\u00e7a hep\u00e1tica e era transplantado renal.<\/p>\n","protected":false},"excerpt":{"rendered":"<p>Nas 24 horas da segunda-feira (06.04), Pernambuco confirmou mais 129 casos da Covid-19, recorde de resultados liberados em um \u00fanico&hellip;<\/p>\n","protected":false},"author":1,"featured_media":53848,"comment_status":"open","ping_status":"open","sticky":false,"template":"","format":"standard","meta":{"footnotes":""},"categories":[1],"tags":[2,16881,17758,17759],"class_list":["post-53847","post","type-post","status-publish","format-standard","has-post-thumbnail","hentry","category-sem-categoria","tag-blog-do-edvaldo-magalhaes","tag-caruaru-e-regiao","tag-pernambuco-tem-mais-129-casos-do-coronavirus","tag-recorde-de-resultados-em-um-unico-dia"],"_links":{"self":[{"href":"https:\/\/blogdoedvaldomagalhaes.com.br\/index.php\/wp-json\/wp\/v2\/posts\/53847","targetHints":{"allow":["GET"]}}],"collection":[{"href":"https:\/\/blogdoedvaldomagalhaes.com.br\/index.php\/wp-json\/wp\/v2\/posts"}],"about":[{"href":"https:\/\/blogdoedvaldomagalhaes.com.br\/index.php\/wp-json\/wp\/v2\/types\/post"}],"author":[{"embeddable":true,"href":"https:\/\/blogdoedvaldomagalhaes.com.br\/index.php\/wp-json\/wp\/v2\/users\/1"}],"replies":[{"embeddable":true,"href":"https:\/\/blogdoedvaldomagalhaes.com.br\/index.php\/wp-json\/wp\/v2\/comments?post=53847"}],"version-history":[{"count":1,"href":"https:\/\/blogdoedvaldomagalhaes.com.br\/index.php\/wp-json\/wp\/v2\/posts\/53847\/revisions"}],"predecessor-version":[{"id":53849,"href":"https:\/\/blogdoedvaldomagalhaes.com.br\/index.php\/wp-json\/wp\/v2\/posts\/53847\/revisions\/53849"}],"wp:featuredmedia":[{"embeddable":true,"href":"https:\/\/blogdoedvaldomagalhaes.com.br\/index.php\/wp-json\/wp\/v2\/media\/53848"}],"wp:attachment":[{"href":"https:\/\/blogdoedvaldomagalhaes.com.br\/index.php\/wp-json\/wp\/v2\/media?parent=53847"}],"wp:term":[{"taxonomy":"category","embeddable":true,"href":"https:\/\/blogdoedvaldomagalhaes.com.br\/index.php\/wp-json\/wp\/v2\/categories?post=53847"},{"taxonomy":"post_tag","embeddable":true,"href":"https:\/\/blogdoedvaldomagalhaes.com.br\/index.php\/wp-json\/wp\/v2\/tags?post=53847"}],"curies":[{"name":"wp","href":"https:\/\/api.w.org\/{rel}","templated":true}]}}