{"id":53841,"date":"2020-04-07T13:47:52","date_gmt":"2020-04-07T16:47:52","guid":{"rendered":"http:\/\/blogdoedvaldomagalhaes.com.br\/?p=53841"},"modified":"2020-04-07T13:47:55","modified_gmt":"2020-04-07T16:47:55","slug":"primeiro-paciente-em-internacao-que-testou-positivo-para-a-covid-19-no-hospital-santa-efigenia-em-caruaru","status":"publish","type":"post","link":"https:\/\/blogdoedvaldomagalhaes.com.br\/index.php\/2020\/04\/07\/primeiro-paciente-em-internacao-que-testou-positivo-para-a-covid-19-no-hospital-santa-efigenia-em-caruaru\/","title":{"rendered":"Primeiro paciente em interna\u00e7\u00e3o que testou positivo para a COVID-19 no Hospital Santa Efig\u00eania em Caruaru"},"content":{"rendered":"<p style=\"text-align: justify;\">O Hospital Santa Efig\u00eania, em Caruaru, divulgou com pesar, mas com toda preocupa\u00e7\u00e3o e preparo, que a unidade recebeu seu primeiro paciente em interna\u00e7\u00e3o que testou positivo para a COVID-19. A equipe segue de prontid\u00e3o, para que a situa\u00e7\u00e3o seja controlada e para que o paciente tenha toda a assist\u00eancia que precisa.<\/p>\n\n\n<figure class=\"wp-block-image size-large\"><img loading=\"lazy\" decoding=\"async\" width=\"1024\" height=\"1024\" src=\"http:\/\/blogdoedvaldomagalhaes.com.br\/wp-content\/uploads\/2020\/04\/FB_IMG_1586277897960-1024x1024.jpg\" alt=\"\" class=\"wp-image-53843\" srcset=\"https:\/\/blogdoedvaldomagalhaes.com.br\/wp-content\/uploads\/2020\/04\/FB_IMG_1586277897960-1024x1024.jpg 1024w, https:\/\/blogdoedvaldomagalhaes.com.br\/wp-content\/uploads\/2020\/04\/FB_IMG_1586277897960-300x300.jpg 300w, https:\/\/blogdoedvaldomagalhaes.com.br\/wp-content\/uploads\/2020\/04\/FB_IMG_1586277897960-150x150.jpg 150w, https:\/\/blogdoedvaldomagalhaes.com.br\/wp-content\/uploads\/2020\/04\/FB_IMG_1586277897960-768x768.jpg 768w, https:\/\/blogdoedvaldomagalhaes.com.br\/wp-content\/uploads\/2020\/04\/FB_IMG_1586277897960.jpg 1080w\" sizes=\"auto, (max-width: 1024px) 100vw, 1024px\" \/><\/figure>\n","protected":false},"excerpt":{"rendered":"<p>O Hospital Santa Efig\u00eania, em Caruaru, divulgou com pesar, mas com toda preocupa\u00e7\u00e3o e preparo, que a unidade recebeu seu&hellip;<\/p>\n","protected":false},"author":1,"featured_media":53842,"comment_status":"open","ping_status":"open","sticky":false,"template":"","format":"standard","meta":{"footnotes":""},"categories":[14120],"tags":[2,16881,17757],"class_list":["post-53841","post","type-post","status-publish","format-standard","has-post-thumbnail","hentry","category-noticias","tag-blog-do-edvaldo-magalhaes","tag-caruaru-e-regiao","tag-primeiro-paciente-em-internacao-que-testou-positivo-para-a-covid-19-no-hospital-santa-efigenia-em-caruaru"],"_links":{"self":[{"href":"https:\/\/blogdoedvaldomagalhaes.com.br\/index.php\/wp-json\/wp\/v2\/posts\/53841","targetHints":{"allow":["GET"]}}],"collection":[{"href":"https:\/\/blogdoedvaldomagalhaes.com.br\/index.php\/wp-json\/wp\/v2\/posts"}],"about":[{"href":"https:\/\/blogdoedvaldomagalhaes.com.br\/index.php\/wp-json\/wp\/v2\/types\/post"}],"author":[{"embeddable":true,"href":"https:\/\/blogdoedvaldomagalhaes.com.br\/index.php\/wp-json\/wp\/v2\/users\/1"}],"replies":[{"embeddable":true,"href":"https:\/\/blogdoedvaldomagalhaes.com.br\/index.php\/wp-json\/wp\/v2\/comments?post=53841"}],"version-history":[{"count":1,"href":"https:\/\/blogdoedvaldomagalhaes.com.br\/index.php\/wp-json\/wp\/v2\/posts\/53841\/revisions"}],"predecessor-version":[{"id":53844,"href":"https:\/\/blogdoedvaldomagalhaes.com.br\/index.php\/wp-json\/wp\/v2\/posts\/53841\/revisions\/53844"}],"wp:featuredmedia":[{"embeddable":true,"href":"https:\/\/blogdoedvaldomagalhaes.com.br\/index.php\/wp-json\/wp\/v2\/media\/53842"}],"wp:attachment":[{"href":"https:\/\/blogdoedvaldomagalhaes.com.br\/index.php\/wp-json\/wp\/v2\/media?parent=53841"}],"wp:term":[{"taxonomy":"category","embeddable":true,"href":"https:\/\/blogdoedvaldomagalhaes.com.br\/index.php\/wp-json\/wp\/v2\/categories?post=53841"},{"taxonomy":"post_tag","embeddable":true,"href":"https:\/\/blogdoedvaldomagalhaes.com.br\/index.php\/wp-json\/wp\/v2\/tags?post=53841"}],"curies":[{"name":"wp","href":"https:\/\/api.w.org\/{rel}","templated":true}]}}