{"id":53834,"date":"2020-04-07T10:40:45","date_gmt":"2020-04-07T13:40:45","guid":{"rendered":"http:\/\/blogdoedvaldomagalhaes.com.br\/?p=53834"},"modified":"2020-04-07T10:40:48","modified_gmt":"2020-04-07T13:40:48","slug":"sindloja-pede-abertura-temporaria-de-empresas-que-vendem-produtos-comestiveis-para-a-pascoa","status":"publish","type":"post","link":"https:\/\/blogdoedvaldomagalhaes.com.br\/index.php\/2020\/04\/07\/sindloja-pede-abertura-temporaria-de-empresas-que-vendem-produtos-comestiveis-para-a-pascoa\/","title":{"rendered":"Sindloja pede abertura tempor\u00e1ria de empresas que vendem produtos comest\u00edveis para a P\u00e1scoa"},"content":{"rendered":"<p style=\"text-align: justify;\">Diante do seu papel de representante legal da classe lojista de Caruaru, o Sindicato dos Lojistas do Com\u00e9rcio de Caruaru (Sindloja) est\u00e1 trabalhando de forma ass\u00eddua na busca de alternativas para minimizar os impactos negativos da pandemia na gera\u00e7\u00e3o de emprego e renda.<\/p>\n<p style=\"text-align: justify;\">Foi pensando nisso que o Sindloja fez mais uma solicita\u00e7\u00e3o ao Governo do Estado, desta vez, pedindo a permiss\u00e3o de funcionamento para empresas que comercializam produtos comest\u00edveis para a P\u00e1scoa, como lojas especializadas em vendas de chocolate, ovos de P\u00e1scoa e seus derivados.<\/p>\n<p style=\"text-align: justify;\">O Sindloja entende que muitas dessas empresas j\u00e1 possuem estoque adquirido muito antes do estado de calamidade p\u00fablica advinda pela pandemia do coronav\u00edrus e, por se tratar de produtos perec\u00edveis, caso n\u00e3o sejam vendidos nesta \u00faltima semana que antecede a P\u00e1scoa, ser\u00e3o incont\u00e1veis os preju\u00edzos financeiros.<\/p>\n<p style=\"text-align: justify;\">Tendo em vista que o Decreto n\u00b0 48.809, de 14 de mar\u00e7o de 2020, considera o setor de supermercados como atividade essencial em Pernambuco, as empresas que comercializam produtos comest\u00edveis para a P\u00e1scoa seriam an\u00e1logas aos supermercados.<\/p>\n<p style=\"text-align: justify;\">De acordo com a Confedera\u00e7\u00e3o Nacional do Com\u00e9rcio de Bens, Servi\u00e7os e Turismo (CNC), as vendas da P\u00e1scoa em 2020 devem registrar queda hist\u00f3rica de 31,6% em rela\u00e7\u00e3o a 2019. Se essa estimativa for confirmada, representar\u00e1 perda de R$ 738 milh\u00f5es para o setor de com\u00e9rcio em todo o Brasil.<\/p>\n<p style=\"text-align: justify;\">A classe empresarial vem sofrendo os impactos financeiros trazidos pelo isolamento social e pelos decretos que determinam o fechamento total da maioria dos segmentos. Portanto, o Sindloja acredita que o olhar sens\u00edvel do poder p\u00fablico sobre as lojas que comercializam produtos comest\u00edveis para a P\u00e1scoa possa trazer menos danos para esse setor.<\/p>\n","protected":false},"excerpt":{"rendered":"<p>Diante do seu papel de representante legal da classe lojista de Caruaru, o Sindicato dos Lojistas do Com\u00e9rcio de Caruaru&hellip;<\/p>\n","protected":false},"author":1,"featured_media":53835,"comment_status":"open","ping_status":"open","sticky":false,"template":"","format":"standard","meta":{"footnotes":""},"categories":[14120],"tags":[2,16881,17755],"class_list":["post-53834","post","type-post","status-publish","format-standard","has-post-thumbnail","hentry","category-noticias","tag-blog-do-edvaldo-magalhaes","tag-caruaru-e-regiao","tag-sindloja-pede-abertura-temporaria-de-empresas-que-vendem-produtos-comestiveis-para-a-pascoa"],"_links":{"self":[{"href":"https:\/\/blogdoedvaldomagalhaes.com.br\/index.php\/wp-json\/wp\/v2\/posts\/53834","targetHints":{"allow":["GET"]}}],"collection":[{"href":"https:\/\/blogdoedvaldomagalhaes.com.br\/index.php\/wp-json\/wp\/v2\/posts"}],"about":[{"href":"https:\/\/blogdoedvaldomagalhaes.com.br\/index.php\/wp-json\/wp\/v2\/types\/post"}],"author":[{"embeddable":true,"href":"https:\/\/blogdoedvaldomagalhaes.com.br\/index.php\/wp-json\/wp\/v2\/users\/1"}],"replies":[{"embeddable":true,"href":"https:\/\/blogdoedvaldomagalhaes.com.br\/index.php\/wp-json\/wp\/v2\/comments?post=53834"}],"version-history":[{"count":1,"href":"https:\/\/blogdoedvaldomagalhaes.com.br\/index.php\/wp-json\/wp\/v2\/posts\/53834\/revisions"}],"predecessor-version":[{"id":53836,"href":"https:\/\/blogdoedvaldomagalhaes.com.br\/index.php\/wp-json\/wp\/v2\/posts\/53834\/revisions\/53836"}],"wp:featuredmedia":[{"embeddable":true,"href":"https:\/\/blogdoedvaldomagalhaes.com.br\/index.php\/wp-json\/wp\/v2\/media\/53835"}],"wp:attachment":[{"href":"https:\/\/blogdoedvaldomagalhaes.com.br\/index.php\/wp-json\/wp\/v2\/media?parent=53834"}],"wp:term":[{"taxonomy":"category","embeddable":true,"href":"https:\/\/blogdoedvaldomagalhaes.com.br\/index.php\/wp-json\/wp\/v2\/categories?post=53834"},{"taxonomy":"post_tag","embeddable":true,"href":"https:\/\/blogdoedvaldomagalhaes.com.br\/index.php\/wp-json\/wp\/v2\/tags?post=53834"}],"curies":[{"name":"wp","href":"https:\/\/api.w.org\/{rel}","templated":true}]}}