{"id":53828,"date":"2020-04-06T22:39:49","date_gmt":"2020-04-07T01:39:49","guid":{"rendered":"http:\/\/blogdoedvaldomagalhaes.com.br\/?p=53828"},"modified":"2020-04-06T22:39:54","modified_gmt":"2020-04-07T01:39:54","slug":"semana-santa-programacao-da-paroquia-sao-jose-em-caruaru","status":"publish","type":"post","link":"https:\/\/blogdoedvaldomagalhaes.com.br\/index.php\/2020\/04\/06\/semana-santa-programacao-da-paroquia-sao-jose-em-caruaru\/","title":{"rendered":"Semana Santa: programa\u00e7\u00e3o da Par\u00f3quia S\u00e3o Jos\u00e9 em Caruaru"},"content":{"rendered":"<p style=\"text-align: justify;\"><span style=\"font-size: inherit;\">Mesmo com as portas fechadas como preven\u00e7\u00e3o ao novo coronav\u00edrus, a Par\u00f3quia S\u00e3o Jos\u00e9, em Caruaru, preparou uma programa\u00e7\u00e3o onde mant\u00e9m todas as celebra\u00e7\u00f5es da Semana Santa, considerada a mais importante para a Igreja.<\/span><\/p>\n<p style=\"text-align: justify;\">A programa\u00e7\u00e3o come\u00e7ou com o Domingo de Ramos e segue at\u00e9 o domingo (12), que celebra a Ressurrei\u00e7\u00e3o do Senhor. Todas as missas ser\u00e3o transmitidas atrav\u00e9s das redes sociais da par\u00f3quia. Os ritos lit\u00fargicos foram adaptados para o momento que a Igreja e todo o povo atravessam.<\/p>\n<p style=\"text-align: justify;\">Programa\u00e7\u00e3o da Semana Santa:<\/p>\n<p style=\"text-align: justify;\">Ter\u00e7a (7)<br \/>\n19h30 &#8211; Celebra\u00e7\u00e3o das 7 Dores de Maria<\/p>\n<p style=\"text-align: justify;\">Quarta (8)<br \/>\n19h30 &#8211; Celebra\u00e7\u00e3o Penitencial<\/p>\n<p style=\"text-align: justify;\">Quinta (9)<br \/>\n19h30 &#8211; Missa da Ceia do Senhor<\/p>\n<p style=\"text-align: justify;\">Sexta (10)<br \/>\n8h &#8211; Via Sacra<br \/>\n11h &#8211; Adora\u00e7\u00e3o<br \/>\n15 &#8211; Paix\u00e3o e Morte do Senhor<\/p>\n<p style=\"text-align: justify;\">S\u00e1bado (11)<br \/>\n19h30 &#8211; Vig\u00edlia Pascal<\/p>\n<p style=\"text-align: justify;\">Domingo (12)<br \/>\n7h e 19h &#8211; Domingo da P\u00e1scoa do Senhor<\/p>\n","protected":false},"excerpt":{"rendered":"<p>Mesmo com as portas fechadas como preven\u00e7\u00e3o ao novo coronav\u00edrus, a Par\u00f3quia S\u00e3o Jos\u00e9, em Caruaru, preparou uma programa\u00e7\u00e3o onde&hellip;<\/p>\n","protected":false},"author":1,"featured_media":53829,"comment_status":"open","ping_status":"open","sticky":false,"template":"","format":"standard","meta":{"footnotes":""},"categories":[14120],"tags":[2,16881,17753],"class_list":["post-53828","post","type-post","status-publish","format-standard","has-post-thumbnail","hentry","category-noticias","tag-blog-do-edvaldo-magalhaes","tag-caruaru-e-regiao","tag-semana-santa-programacao-da-paroquia-sao-jose-em-caruaru"],"_links":{"self":[{"href":"https:\/\/blogdoedvaldomagalhaes.com.br\/index.php\/wp-json\/wp\/v2\/posts\/53828","targetHints":{"allow":["GET"]}}],"collection":[{"href":"https:\/\/blogdoedvaldomagalhaes.com.br\/index.php\/wp-json\/wp\/v2\/posts"}],"about":[{"href":"https:\/\/blogdoedvaldomagalhaes.com.br\/index.php\/wp-json\/wp\/v2\/types\/post"}],"author":[{"embeddable":true,"href":"https:\/\/blogdoedvaldomagalhaes.com.br\/index.php\/wp-json\/wp\/v2\/users\/1"}],"replies":[{"embeddable":true,"href":"https:\/\/blogdoedvaldomagalhaes.com.br\/index.php\/wp-json\/wp\/v2\/comments?post=53828"}],"version-history":[{"count":1,"href":"https:\/\/blogdoedvaldomagalhaes.com.br\/index.php\/wp-json\/wp\/v2\/posts\/53828\/revisions"}],"predecessor-version":[{"id":53830,"href":"https:\/\/blogdoedvaldomagalhaes.com.br\/index.php\/wp-json\/wp\/v2\/posts\/53828\/revisions\/53830"}],"wp:featuredmedia":[{"embeddable":true,"href":"https:\/\/blogdoedvaldomagalhaes.com.br\/index.php\/wp-json\/wp\/v2\/media\/53829"}],"wp:attachment":[{"href":"https:\/\/blogdoedvaldomagalhaes.com.br\/index.php\/wp-json\/wp\/v2\/media?parent=53828"}],"wp:term":[{"taxonomy":"category","embeddable":true,"href":"https:\/\/blogdoedvaldomagalhaes.com.br\/index.php\/wp-json\/wp\/v2\/categories?post=53828"},{"taxonomy":"post_tag","embeddable":true,"href":"https:\/\/blogdoedvaldomagalhaes.com.br\/index.php\/wp-json\/wp\/v2\/tags?post=53828"}],"curies":[{"name":"wp","href":"https:\/\/api.w.org\/{rel}","templated":true}]}}