{"id":53824,"date":"2020-04-06T20:01:11","date_gmt":"2020-04-06T23:01:11","guid":{"rendered":"http:\/\/blogdoedvaldomagalhaes.com.br\/?p=53824"},"modified":"2020-04-06T20:01:14","modified_gmt":"2020-04-06T23:01:14","slug":"governo-pe-responde-solicitacao-do-sindloja-sobre-o-setor-de-oticas","status":"publish","type":"post","link":"https:\/\/blogdoedvaldomagalhaes.com.br\/index.php\/2020\/04\/06\/governo-pe-responde-solicitacao-do-sindloja-sobre-o-setor-de-oticas\/","title":{"rendered":"Governo-PE responde solicita\u00e7\u00e3o do Sindloja sobre o setor de \u00f3ticas"},"content":{"rendered":"<p style=\"text-align: justify;\"><span style=\"font-size: inherit;\">O Sindicato dos Lojistas do Com\u00e9rcio de Caruaru (Sindloja) informa que, em resposta ao of\u00edcio enviado pelo sindicato ao governo de Pernambuco solicitando a volta do funcionamento do setor de \u00f3ticas, o comit\u00ea de crise do coronav\u00edrus do estado n\u00e3o autorizou o funcionamento total das \u00f3ticas, por\u00e9m permitiu que as empresas deste segmento fa\u00e7am atendimento interno com agendamento por hora marcada.<\/span><\/p>\n<p style=\"text-align: justify;\">A orienta\u00e7\u00e3o \u00e9 que, mesmo com atendimento agendado, as \u00f3ticas reforcem as medidas sanit\u00e1rias, utilizando produtos que auxiliem no combate ao novo coronav\u00edrus, como o \u00e1lcool em gel a 70% e m\u00e1scaras.<\/p>\n<p style=\"text-align: justify;\">Como representante legal do setor empresarial de Caruaru, o Sindloja continua lutando para que os efeitos da pandemia do novo coronav\u00edrus sejam os menos danosos poss\u00edveis.<\/p>\n","protected":false},"excerpt":{"rendered":"<p>O Sindicato dos Lojistas do Com\u00e9rcio de Caruaru (Sindloja) informa que, em resposta ao of\u00edcio enviado pelo sindicato ao governo&hellip;<\/p>\n","protected":false},"author":1,"featured_media":53825,"comment_status":"open","ping_status":"open","sticky":false,"template":"","format":"standard","meta":{"footnotes":""},"categories":[14120],"tags":[2,16881,17752],"class_list":["post-53824","post","type-post","status-publish","format-standard","has-post-thumbnail","hentry","category-noticias","tag-blog-do-edvaldo-magalhaes","tag-caruaru-e-regiao","tag-governo-pe-responde-solicitacao-do-sindloja-sobre-o-setor-de-oticas"],"_links":{"self":[{"href":"https:\/\/blogdoedvaldomagalhaes.com.br\/index.php\/wp-json\/wp\/v2\/posts\/53824","targetHints":{"allow":["GET"]}}],"collection":[{"href":"https:\/\/blogdoedvaldomagalhaes.com.br\/index.php\/wp-json\/wp\/v2\/posts"}],"about":[{"href":"https:\/\/blogdoedvaldomagalhaes.com.br\/index.php\/wp-json\/wp\/v2\/types\/post"}],"author":[{"embeddable":true,"href":"https:\/\/blogdoedvaldomagalhaes.com.br\/index.php\/wp-json\/wp\/v2\/users\/1"}],"replies":[{"embeddable":true,"href":"https:\/\/blogdoedvaldomagalhaes.com.br\/index.php\/wp-json\/wp\/v2\/comments?post=53824"}],"version-history":[{"count":1,"href":"https:\/\/blogdoedvaldomagalhaes.com.br\/index.php\/wp-json\/wp\/v2\/posts\/53824\/revisions"}],"predecessor-version":[{"id":53826,"href":"https:\/\/blogdoedvaldomagalhaes.com.br\/index.php\/wp-json\/wp\/v2\/posts\/53824\/revisions\/53826"}],"wp:featuredmedia":[{"embeddable":true,"href":"https:\/\/blogdoedvaldomagalhaes.com.br\/index.php\/wp-json\/wp\/v2\/media\/53825"}],"wp:attachment":[{"href":"https:\/\/blogdoedvaldomagalhaes.com.br\/index.php\/wp-json\/wp\/v2\/media?parent=53824"}],"wp:term":[{"taxonomy":"category","embeddable":true,"href":"https:\/\/blogdoedvaldomagalhaes.com.br\/index.php\/wp-json\/wp\/v2\/categories?post=53824"},{"taxonomy":"post_tag","embeddable":true,"href":"https:\/\/blogdoedvaldomagalhaes.com.br\/index.php\/wp-json\/wp\/v2\/tags?post=53824"}],"curies":[{"name":"wp","href":"https:\/\/api.w.org\/{rel}","templated":true}]}}