{"id":53816,"date":"2020-04-06T19:34:03","date_gmt":"2020-04-06T22:34:03","guid":{"rendered":"http:\/\/blogdoedvaldomagalhaes.com.br\/?p=53816"},"modified":"2020-04-06T19:48:33","modified_gmt":"2020-04-06T22:48:33","slug":"jovem-morre-eletrocutado-em-construcao-em-caruaru","status":"publish","type":"post","link":"https:\/\/blogdoedvaldomagalhaes.com.br\/index.php\/2020\/04\/06\/jovem-morre-eletrocutado-em-construcao-em-caruaru\/","title":{"rendered":"Jovem morre eletrocutado em constru\u00e7\u00e3o em Caruaru"},"content":{"rendered":"<p style=\"text-align: justify;\">O jovem Yuri Weslley Souza Santos, de 25 anos, morreu eletrocutado na tarde desta segunda-feira (06), quando estava trabalhando em uma constru\u00e7\u00e3o no bairro Panorama, em Caruaru.<\/p>\n<p style=\"text-align: justify;\">De acordo com testemunhas, o jovem tirava algumas t\u00e1buas da constru\u00e7\u00e3o quando recebeu uma forte descarga el\u00e9trica. O corpo foi encaminhado para o Instituto de Medicina Legal (IML) e o acidente ser\u00e1 investigado.<\/p>\n<p>Fonte: R\u00e1dio Liberdade.<\/p>\n\n\n<figure class=\"wp-block-image size-large\"><img loading=\"lazy\" decoding=\"async\" width=\"694\" height=\"744\" src=\"http:\/\/blogdoedvaldomagalhaes.com.br\/wp-content\/uploads\/2020\/04\/IMG-20200406-WA02322.jpg\" alt=\"\" class=\"wp-image-53821\" srcset=\"https:\/\/blogdoedvaldomagalhaes.com.br\/wp-content\/uploads\/2020\/04\/IMG-20200406-WA02322.jpg 694w, https:\/\/blogdoedvaldomagalhaes.com.br\/wp-content\/uploads\/2020\/04\/IMG-20200406-WA02322-280x300.jpg 280w\" sizes=\"auto, (max-width: 694px) 100vw, 694px\" \/><figcaption>V\u00edtima: Yuri Weslley<\/figcaption><\/figure>\n","protected":false},"excerpt":{"rendered":"<p>O jovem Yuri Weslley Souza Santos, de 25 anos, morreu eletrocutado na tarde desta segunda-feira (06), quando estava trabalhando em&hellip;<\/p>\n","protected":false},"author":1,"featured_media":53817,"comment_status":"open","ping_status":"open","sticky":false,"template":"","format":"standard","meta":{"footnotes":""},"categories":[14120],"tags":[16881,17751],"class_list":["post-53816","post","type-post","status-publish","format-standard","has-post-thumbnail","hentry","category-noticias","tag-caruaru-e-regiao","tag-jovem-morre-eletrocutado-em-construcao-em-caruaru"],"_links":{"self":[{"href":"https:\/\/blogdoedvaldomagalhaes.com.br\/index.php\/wp-json\/wp\/v2\/posts\/53816","targetHints":{"allow":["GET"]}}],"collection":[{"href":"https:\/\/blogdoedvaldomagalhaes.com.br\/index.php\/wp-json\/wp\/v2\/posts"}],"about":[{"href":"https:\/\/blogdoedvaldomagalhaes.com.br\/index.php\/wp-json\/wp\/v2\/types\/post"}],"author":[{"embeddable":true,"href":"https:\/\/blogdoedvaldomagalhaes.com.br\/index.php\/wp-json\/wp\/v2\/users\/1"}],"replies":[{"embeddable":true,"href":"https:\/\/blogdoedvaldomagalhaes.com.br\/index.php\/wp-json\/wp\/v2\/comments?post=53816"}],"version-history":[{"count":4,"href":"https:\/\/blogdoedvaldomagalhaes.com.br\/index.php\/wp-json\/wp\/v2\/posts\/53816\/revisions"}],"predecessor-version":[{"id":53823,"href":"https:\/\/blogdoedvaldomagalhaes.com.br\/index.php\/wp-json\/wp\/v2\/posts\/53816\/revisions\/53823"}],"wp:featuredmedia":[{"embeddable":true,"href":"https:\/\/blogdoedvaldomagalhaes.com.br\/index.php\/wp-json\/wp\/v2\/media\/53817"}],"wp:attachment":[{"href":"https:\/\/blogdoedvaldomagalhaes.com.br\/index.php\/wp-json\/wp\/v2\/media?parent=53816"}],"wp:term":[{"taxonomy":"category","embeddable":true,"href":"https:\/\/blogdoedvaldomagalhaes.com.br\/index.php\/wp-json\/wp\/v2\/categories?post=53816"},{"taxonomy":"post_tag","embeddable":true,"href":"https:\/\/blogdoedvaldomagalhaes.com.br\/index.php\/wp-json\/wp\/v2\/tags?post=53816"}],"curies":[{"name":"wp","href":"https:\/\/api.w.org\/{rel}","templated":true}]}}