{"id":53813,"date":"2020-04-06T19:18:05","date_gmt":"2020-04-06T22:18:05","guid":{"rendered":"http:\/\/blogdoedvaldomagalhaes.com.br\/?p=53813"},"modified":"2020-04-06T19:18:05","modified_gmt":"2020-04-06T22:18:05","slug":"governo-pe-prorroga-a-proibicao-de-acesso-a-praias-e-parques-calcadoes-tambem-proibidos","status":"publish","type":"post","link":"https:\/\/blogdoedvaldomagalhaes.com.br\/index.php\/2020\/04\/06\/governo-pe-prorroga-a-proibicao-de-acesso-a-praias-e-parques-calcadoes-tambem-proibidos\/","title":{"rendered":"Governo-PE prorroga a proibi\u00e7\u00e3o de acesso a praias e parques; Cal\u00e7ad\u00f5es tamb\u00e9m proibidos"},"content":{"rendered":"<p style=\"text-align: justify;\">Com os n\u00fameros de casos confirmados e de \u00f3bitos pelo Novo Coronav\u00edrus crescendo por todo Estado, o Governo de Pernambuco decidiu prorrogar a proibi\u00e7\u00e3o de acesso a praias e parques. Dessa vez, os cal\u00e7ad\u00f5es tamb\u00e9m est\u00e3o inseridos na restri\u00e7\u00e3o, que vale at\u00e9 a pr\u00f3xima segunda-feira (13\/04), podendo ser prorrogada mais uma vez. Refor\u00e7amos novamente a import\u00e2ncia dessa e das outras medidas restritivas j\u00e1 decretadas. O isolamento social \u00e9 a principal forma conhecida de conter o avan\u00e7o do v\u00edrus. N\u00e3o \u00e9 o momento de relaxar, e sim de redobrar os cuidados com a higiene e seguir todas as orienta\u00e7\u00f5es das autoridades sanit\u00e1rias e especialistas. #FiqueEmCasa<\/p>\n","protected":false},"excerpt":{"rendered":"<p>Com os n\u00fameros de casos confirmados e de \u00f3bitos pelo Novo Coronav\u00edrus crescendo por todo Estado, o Governo de Pernambuco&hellip;<\/p>\n","protected":false},"author":1,"featured_media":53814,"comment_status":"open","ping_status":"open","sticky":false,"template":"","format":"standard","meta":{"footnotes":""},"categories":[14120],"tags":[2,16881,17750],"class_list":["post-53813","post","type-post","status-publish","format-standard","has-post-thumbnail","hentry","category-noticias","tag-blog-do-edvaldo-magalhaes","tag-caruaru-e-regiao","tag-governo-pe-prorroga-a-proibicao-de-acesso-a-praias-e-parques-calcadoes-tambem-proibidos"],"_links":{"self":[{"href":"https:\/\/blogdoedvaldomagalhaes.com.br\/index.php\/wp-json\/wp\/v2\/posts\/53813","targetHints":{"allow":["GET"]}}],"collection":[{"href":"https:\/\/blogdoedvaldomagalhaes.com.br\/index.php\/wp-json\/wp\/v2\/posts"}],"about":[{"href":"https:\/\/blogdoedvaldomagalhaes.com.br\/index.php\/wp-json\/wp\/v2\/types\/post"}],"author":[{"embeddable":true,"href":"https:\/\/blogdoedvaldomagalhaes.com.br\/index.php\/wp-json\/wp\/v2\/users\/1"}],"replies":[{"embeddable":true,"href":"https:\/\/blogdoedvaldomagalhaes.com.br\/index.php\/wp-json\/wp\/v2\/comments?post=53813"}],"version-history":[{"count":1,"href":"https:\/\/blogdoedvaldomagalhaes.com.br\/index.php\/wp-json\/wp\/v2\/posts\/53813\/revisions"}],"predecessor-version":[{"id":53815,"href":"https:\/\/blogdoedvaldomagalhaes.com.br\/index.php\/wp-json\/wp\/v2\/posts\/53813\/revisions\/53815"}],"wp:featuredmedia":[{"embeddable":true,"href":"https:\/\/blogdoedvaldomagalhaes.com.br\/index.php\/wp-json\/wp\/v2\/media\/53814"}],"wp:attachment":[{"href":"https:\/\/blogdoedvaldomagalhaes.com.br\/index.php\/wp-json\/wp\/v2\/media?parent=53813"}],"wp:term":[{"taxonomy":"category","embeddable":true,"href":"https:\/\/blogdoedvaldomagalhaes.com.br\/index.php\/wp-json\/wp\/v2\/categories?post=53813"},{"taxonomy":"post_tag","embeddable":true,"href":"https:\/\/blogdoedvaldomagalhaes.com.br\/index.php\/wp-json\/wp\/v2\/tags?post=53813"}],"curies":[{"name":"wp","href":"https:\/\/api.w.org\/{rel}","templated":true}]}}