{"id":53792,"date":"2020-04-06T14:48:13","date_gmt":"2020-04-06T17:48:13","guid":{"rendered":"http:\/\/blogdoedvaldomagalhaes.com.br\/?p=53792"},"modified":"2020-04-06T15:12:03","modified_gmt":"2020-04-06T18:12:03","slug":"jovem-de-18-anos-e-morto-a-tiros-em-caruaru","status":"publish","type":"post","link":"https:\/\/blogdoedvaldomagalhaes.com.br\/index.php\/2020\/04\/06\/jovem-de-18-anos-e-morto-a-tiros-em-caruaru\/","title":{"rendered":"Jovem de 18 anos \u00e9 morto a tiros em Caruaru"},"content":{"rendered":"<p style=\"text-align: justify;\">Na tarde desta segunda-feira (6), um crime de morte foi registrado na rua Jornalista Nestor Moreira, bairro Salgado, em Caruaru. A v\u00edtima foi o jovem identificado inicialmente sendo <b>Jonas Marlon da Silva Lopes<\/b>, de 18 anos, que morava no bairro S\u00e3o Jo\u00e3o da Esc\u00f3cia.<\/p>\n<p style=\"text-align: justify;\">De acordo com informa\u00e7\u00f5es de populares, tr\u00eas indiv\u00edduos encapuzados chegaram e efetuando v\u00e1rios disparos de arma de fogo, contra a v\u00edtima que correu para dentro de uma casa, mas n\u00e3o conseguiu escapar dos tiros e faleceu no local. O corpo ser\u00e1 encaminhado para o IML de Caruaru.<\/p>\n<p style=\"text-align: justify;\">Este foi o 2\u00b0 homic\u00eddio no m\u00eas de abril e o 37\u00b0 do ano, em Caruaru.<\/p>\n<p>Por Kalebe Pereira.<\/p>\n\n\n<figure class=\"wp-block-image size-large\"><img loading=\"lazy\" decoding=\"async\" width=\"360\" height=\"640\" src=\"http:\/\/blogdoedvaldomagalhaes.com.br\/wp-content\/uploads\/2020\/04\/FB_IMG_1586196535286.jpg\" alt=\"\" class=\"wp-image-53800\" srcset=\"https:\/\/blogdoedvaldomagalhaes.com.br\/wp-content\/uploads\/2020\/04\/FB_IMG_1586196535286.jpg 360w, https:\/\/blogdoedvaldomagalhaes.com.br\/wp-content\/uploads\/2020\/04\/FB_IMG_1586196535286-169x300.jpg 169w\" sizes=\"auto, (max-width: 360px) 100vw, 360px\" \/><figcaption>V\u00edtima Jonas Marlon<\/figcaption><\/figure>\n","protected":false},"excerpt":{"rendered":"<p>Na tarde desta segunda-feira (6), um crime de morte foi registrado na rua Jornalista Nestor Moreira, bairro Salgado, em Caruaru.&hellip;<\/p>\n","protected":false},"author":1,"featured_media":53794,"comment_status":"open","ping_status":"open","sticky":false,"template":"","format":"standard","meta":{"footnotes":""},"categories":[14121],"tags":[16881,17746],"class_list":["post-53792","post","type-post","status-publish","format-standard","has-post-thumbnail","hentry","category-policial","tag-caruaru-e-regiao","tag-jovem-de-18-anos-e-morto-a-tiros-em-caruaru"],"_links":{"self":[{"href":"https:\/\/blogdoedvaldomagalhaes.com.br\/index.php\/wp-json\/wp\/v2\/posts\/53792","targetHints":{"allow":["GET"]}}],"collection":[{"href":"https:\/\/blogdoedvaldomagalhaes.com.br\/index.php\/wp-json\/wp\/v2\/posts"}],"about":[{"href":"https:\/\/blogdoedvaldomagalhaes.com.br\/index.php\/wp-json\/wp\/v2\/types\/post"}],"author":[{"embeddable":true,"href":"https:\/\/blogdoedvaldomagalhaes.com.br\/index.php\/wp-json\/wp\/v2\/users\/1"}],"replies":[{"embeddable":true,"href":"https:\/\/blogdoedvaldomagalhaes.com.br\/index.php\/wp-json\/wp\/v2\/comments?post=53792"}],"version-history":[{"count":8,"href":"https:\/\/blogdoedvaldomagalhaes.com.br\/index.php\/wp-json\/wp\/v2\/posts\/53792\/revisions"}],"predecessor-version":[{"id":53803,"href":"https:\/\/blogdoedvaldomagalhaes.com.br\/index.php\/wp-json\/wp\/v2\/posts\/53792\/revisions\/53803"}],"wp:featuredmedia":[{"embeddable":true,"href":"https:\/\/blogdoedvaldomagalhaes.com.br\/index.php\/wp-json\/wp\/v2\/media\/53794"}],"wp:attachment":[{"href":"https:\/\/blogdoedvaldomagalhaes.com.br\/index.php\/wp-json\/wp\/v2\/media?parent=53792"}],"wp:term":[{"taxonomy":"category","embeddable":true,"href":"https:\/\/blogdoedvaldomagalhaes.com.br\/index.php\/wp-json\/wp\/v2\/categories?post=53792"},{"taxonomy":"post_tag","embeddable":true,"href":"https:\/\/blogdoedvaldomagalhaes.com.br\/index.php\/wp-json\/wp\/v2\/tags?post=53792"}],"curies":[{"name":"wp","href":"https:\/\/api.w.org\/{rel}","templated":true}]}}