{"id":53786,"date":"2020-04-06T13:58:16","date_gmt":"2020-04-06T16:58:16","guid":{"rendered":"http:\/\/blogdoedvaldomagalhaes.com.br\/?p=53786"},"modified":"2020-04-06T14:13:31","modified_gmt":"2020-04-06T17:13:31","slug":"gravida-morre-por-covid-19-no-recife-e-bebe-esta-na-uti","status":"publish","type":"post","link":"https:\/\/blogdoedvaldomagalhaes.com.br\/index.php\/2020\/04\/06\/gravida-morre-por-covid-19-no-recife-e-bebe-esta-na-uti\/","title":{"rendered":"Gr\u00e1vida morre por Covid-19 no Recife e beb\u00ea est\u00e1 na UTI"},"content":{"rendered":"<p style=\"text-align: justify;\">A fisioterapeuta Viviane Albuquerque, gestante de 31 semanas, morreu na noite do \u00faltimo domingo (5), v\u00edtima de Covid-19. Este \u00e9 o primeiro \u00f3bito de gestante com S\u00edndrome Respirat\u00f3ria Aguda Grave (SRAG) causada pelo novo coronav\u00edrus em Pernambuco. O beb\u00ea foi retirado em procedimento cesariano tamb\u00e9m no domingo e est\u00e1 internado na UTI de um hospital particular do Recife, em estado grave.<\/p>\n<p style=\"text-align: justify;\">A gestante estava internada com quadro de tosse e febre desde o in\u00edcio da semana. Na \u00faltima segunda-feira, ela fez o teste para coronav\u00edrus e, na quinta, recebeu o resultado positivo do exame, quando foi levada para UTI. Devido \u00e0 gravidade do caso, os m\u00e9dicos decidiram fazer a ces\u00e1rea e retirar o beb\u00ea na madrugada do s\u00e1bado.<\/p>\n<p style=\"text-align: justify;\">Segundo apurou a reportagem da Folha de Pernambuco, o beb\u00ea nasceu com 2 kg, e \u00e9 um menino. Ele chegou a ter uma parada card\u00edaca, mas segue na UTI. Viviane deixa outras duas filhas, g\u00eameas, de cinco anos.<\/p>\n<p style=\"text-align: justify;\">No domingo, tamb\u00e9m no Recife, duas t\u00e9cnicas de enfermagem que trabalhavam no Hospital Get\u00falio Vargas (HGV) morreram \u2013 uma delas por causa da Covid-19. A segunda servidora tem a causa da morte ainda investigada.<\/p>\n","protected":false},"excerpt":{"rendered":"<p>A fisioterapeuta Viviane Albuquerque, gestante de 31 semanas, morreu na noite do \u00faltimo domingo (5), v\u00edtima de Covid-19. Este \u00e9&hellip;<\/p>\n","protected":false},"author":1,"featured_media":53787,"comment_status":"open","ping_status":"open","sticky":false,"template":"","format":"standard","meta":{"footnotes":""},"categories":[14120],"tags":[2,16881,17745],"class_list":["post-53786","post","type-post","status-publish","format-standard","has-post-thumbnail","hentry","category-noticias","tag-blog-do-edvaldo-magalhaes","tag-caruaru-e-regiao","tag-gravida-morre-por-covid-19-no-recife-e-bebe-esta-na-uti"],"_links":{"self":[{"href":"https:\/\/blogdoedvaldomagalhaes.com.br\/index.php\/wp-json\/wp\/v2\/posts\/53786","targetHints":{"allow":["GET"]}}],"collection":[{"href":"https:\/\/blogdoedvaldomagalhaes.com.br\/index.php\/wp-json\/wp\/v2\/posts"}],"about":[{"href":"https:\/\/blogdoedvaldomagalhaes.com.br\/index.php\/wp-json\/wp\/v2\/types\/post"}],"author":[{"embeddable":true,"href":"https:\/\/blogdoedvaldomagalhaes.com.br\/index.php\/wp-json\/wp\/v2\/users\/1"}],"replies":[{"embeddable":true,"href":"https:\/\/blogdoedvaldomagalhaes.com.br\/index.php\/wp-json\/wp\/v2\/comments?post=53786"}],"version-history":[{"count":3,"href":"https:\/\/blogdoedvaldomagalhaes.com.br\/index.php\/wp-json\/wp\/v2\/posts\/53786\/revisions"}],"predecessor-version":[{"id":53791,"href":"https:\/\/blogdoedvaldomagalhaes.com.br\/index.php\/wp-json\/wp\/v2\/posts\/53786\/revisions\/53791"}],"wp:featuredmedia":[{"embeddable":true,"href":"https:\/\/blogdoedvaldomagalhaes.com.br\/index.php\/wp-json\/wp\/v2\/media\/53787"}],"wp:attachment":[{"href":"https:\/\/blogdoedvaldomagalhaes.com.br\/index.php\/wp-json\/wp\/v2\/media?parent=53786"}],"wp:term":[{"taxonomy":"category","embeddable":true,"href":"https:\/\/blogdoedvaldomagalhaes.com.br\/index.php\/wp-json\/wp\/v2\/categories?post=53786"},{"taxonomy":"post_tag","embeddable":true,"href":"https:\/\/blogdoedvaldomagalhaes.com.br\/index.php\/wp-json\/wp\/v2\/tags?post=53786"}],"curies":[{"name":"wp","href":"https:\/\/api.w.org\/{rel}","templated":true}]}}