{"id":53780,"date":"2020-04-06T13:06:05","date_gmt":"2020-04-06T16:06:05","guid":{"rendered":"http:\/\/blogdoedvaldomagalhaes.com.br\/?p=53780"},"modified":"2020-04-06T13:06:08","modified_gmt":"2020-04-06T16:06:08","slug":"mais-22-casos-de-covid-19-com-9-obitos-e-25-curados-em-pernambuco-confira","status":"publish","type":"post","link":"https:\/\/blogdoedvaldomagalhaes.com.br\/index.php\/2020\/04\/06\/mais-22-casos-de-covid-19-com-9-obitos-e-25-curados-em-pernambuco-confira\/","title":{"rendered":"Mais 22 casos de Covid-19 com 9 \u00f3bitos e 25 curados em Pernambuco; Confira"},"content":{"rendered":"<p style=\"text-align: justify;\">A Secretaria de Sa\u00fade (SES-PE) anunciou, nesta segunda-feira (06\/04), mais 22 casos da Covid-19 em Pernambuco, sendo 9 \u00f3bitos. At\u00e9 agora, h\u00e1 223 confirma\u00e7\u00f5es e 30 mortes pelo Novo Coronav\u00edrus no Estado.<br \/>\n\u2800\u2800\u2800<br \/>\nOs \u00f3bitos, que foram confirmados laboratorialmente, s\u00e3o de 7 mulheres e 2 homens, que faleceram entre os dias 27 de mar\u00e7o e 5 de abril. As pacientes do sexo feminino tinham 33, 42, 52, 57, 72, 83 e 84 anos, e os do sexo masculino tinham 15 e 65 anos.<br \/>\n\u2800\u2800\u2800<br \/>\nOs casos confirmados s\u00e3o do Recife (146), Jaboat\u00e3o (15), Olinda (11), Fernando de Noronha (7), Camaragibe (7), S\u00e3o Louren\u00e7o da Mata (7), Cabo de Santo Agostinho (5), Paulista (5), Caruaru (3), Paudalho (2), Petrolina (2), Lagoa do Carro (1), Palmares (1), Belo Jardim (1), Cachoeirinha (1), Ipubi (1), Alian\u00e7a (1), Goiana (1), al\u00e9m dos casos de outros Estados (3) e outros pa\u00edses (3).<br \/>\n\u2800\u2800<br \/>\nDados atualizados ao meio dia desta segunda-feira (06\/04).<\/p>\n","protected":false},"excerpt":{"rendered":"<p>A Secretaria de Sa\u00fade (SES-PE) anunciou, nesta segunda-feira (06\/04), mais 22 casos da Covid-19 em Pernambuco, sendo 9 \u00f3bitos. At\u00e9&hellip;<\/p>\n","protected":false},"author":1,"featured_media":53781,"comment_status":"open","ping_status":"open","sticky":false,"template":"","format":"standard","meta":{"footnotes":""},"categories":[14120],"tags":[2,16881,17744],"class_list":["post-53780","post","type-post","status-publish","format-standard","has-post-thumbnail","hentry","category-noticias","tag-blog-do-edvaldo-magalhaes","tag-caruaru-e-regiao","tag-mais-22-casos-de-covid-19-com-9-obitos-e-25-curados-em-pernambuco-confira"],"_links":{"self":[{"href":"https:\/\/blogdoedvaldomagalhaes.com.br\/index.php\/wp-json\/wp\/v2\/posts\/53780","targetHints":{"allow":["GET"]}}],"collection":[{"href":"https:\/\/blogdoedvaldomagalhaes.com.br\/index.php\/wp-json\/wp\/v2\/posts"}],"about":[{"href":"https:\/\/blogdoedvaldomagalhaes.com.br\/index.php\/wp-json\/wp\/v2\/types\/post"}],"author":[{"embeddable":true,"href":"https:\/\/blogdoedvaldomagalhaes.com.br\/index.php\/wp-json\/wp\/v2\/users\/1"}],"replies":[{"embeddable":true,"href":"https:\/\/blogdoedvaldomagalhaes.com.br\/index.php\/wp-json\/wp\/v2\/comments?post=53780"}],"version-history":[{"count":1,"href":"https:\/\/blogdoedvaldomagalhaes.com.br\/index.php\/wp-json\/wp\/v2\/posts\/53780\/revisions"}],"predecessor-version":[{"id":53782,"href":"https:\/\/blogdoedvaldomagalhaes.com.br\/index.php\/wp-json\/wp\/v2\/posts\/53780\/revisions\/53782"}],"wp:featuredmedia":[{"embeddable":true,"href":"https:\/\/blogdoedvaldomagalhaes.com.br\/index.php\/wp-json\/wp\/v2\/media\/53781"}],"wp:attachment":[{"href":"https:\/\/blogdoedvaldomagalhaes.com.br\/index.php\/wp-json\/wp\/v2\/media?parent=53780"}],"wp:term":[{"taxonomy":"category","embeddable":true,"href":"https:\/\/blogdoedvaldomagalhaes.com.br\/index.php\/wp-json\/wp\/v2\/categories?post=53780"},{"taxonomy":"post_tag","embeddable":true,"href":"https:\/\/blogdoedvaldomagalhaes.com.br\/index.php\/wp-json\/wp\/v2\/tags?post=53780"}],"curies":[{"name":"wp","href":"https:\/\/api.w.org\/{rel}","templated":true}]}}